{"id":9682,"date":"2019-11-01T22:42:02","date_gmt":"2019-11-01T21:42:02","guid":{"rendered":"https:\/\/www.ortarzo.it\/?p=9682"},"modified":"2020-01-08T19:35:49","modified_gmt":"2020-01-08T18:35:49","slug":"tour-trevigiano-a-sonego","status":"publish","type":"post","link":"https:\/\/www.ortarzo.it\/en\/2019\/11\/tour-trevigiano-a-sonego\/","title":{"rendered":"Tour Trevigiano a Sonego"},"content":{"rendered":"<p><span style=\"font-weight: 400;\">La stagione 2019 sta volgendo al termine, cos\u00ec pure l\u2019edizione 2019 del Tour Trevigiano. Mancano ancora due tappe, domenica 17 a Santa Croce del Montello e gran finale di stagione in piazza Cima a Conegliano il 24 novembre.<\/span><\/p>\n<p><span style=\"font-weight: 400;\">Sicuramente positivo il bilancio per questa innovativa formula introdotta nel mondo dell\u2019orienteering proprio dall&#8217;Orienteering Tarzo e dall&#8217;OrMiane &#8217;87 una decina di anni fa. Grazie al Tour Trevigiano molte le persone che si sono avvicinate a questo sport, sia a livello agonistico, sia a livello amatoriale spesso esteso alle intere famiglie.<\/span><\/p>\n<p><span style=\"font-weight: 400;\">La gara di oggi ne \u00e8 stata la pi\u00f9 eclatante dimostrazione, circa 150 i concorrenti tra cui oltre 30 sotto i dodici anni. E\u2019 stato bello vedere gruppi di\u00a0 famigliole alla prima esperienza partire all&#8217;avventura, fianco a fianco con atleti di assoluto spessore, per provare questa stimolante esperienza, all&#8217;arrivo i pi\u00f9 entusiasti sono stati proprio i giovanissimi, tutti sul podio con la medaglietta ricordo al collo.<\/span><\/p>\n<p><span style=\"font-weight: 400;\">Il Tour non \u00e8 solo questo: la gara di oggi \u00e8 stata organizzata da un inedito gruppo affiatato dell&#8217;Ortarzo che per la prima volta si \u00e8 proposto di organizzare e gestire da zero una gara vera e propria: Mauro De Nadai si \u00e8 improvvisato cartografo e ha rilevato, con la maestria di un veterano, la nuova cartina del ridente Borgo Sonego e dei prati circostanti, veramente un ottimo lavoro. Padrona di casa, in quanto qui residente, Francesca Uliana che ha curato e coordinato tutta la parte logistica della manifestazione realizzando personalmente anche delle splendide medaglie in legno, dipinte una ad una a mano per gli atleti sul podio. Degni di nota i tracciati di Erik Nielsen che ha saputo amalgamare l\u2019intricato centro storico con i prati circostanti in un turbinio di intrecci che hanno valorizzato sia l\u2019ambiente che l\u2019aspetto tecnico della gara.<\/span><\/p>\n<p><span style=\"font-weight: 400;\">Il resto, iscrizioni, classifiche e quanto altro necessario \u00e8 stato curato con disinvoltura dai giovani dell&#8217;Ortarzo. \u00c8 stato bello vedere giovanissimi\u00a0 come Antonio, Anna, (dieci anni), Francesco e tutti gli altri dopo aver fatto la gara, prodigarsi per aiutare a smontare e sistemare le cose.\u00a0<\/span><\/p>\n<p><span style=\"font-weight: 400;\">I <a href=\"\/gara\/sonego-2019\/\">risultati<\/a> di oggi hanno visto Tobia Viel e Anna Carlet rispettivamente primo e seconda nel percorso bianco, Stefano Viel, secondo nel percorso nero, chiuso nella morsa dei due fratelli Davide e Daniele Martignago, incalzati da un sorprendente Riccardo Marson al quarto posto.<\/span><\/p>\n","protected":false},"excerpt":{"rendered":"<p>La stagione 2019 sta volgendo al termine, cos\u00ec pure l\u2019edizione 2019 del Tour Trevigiano. Mancano ancora due tappe, domenica 17 a Santa Croce del Montello e gran finale di stagione in piazza Cima a Conegliano il 24 novembre. Sicuramente positivo il bilancio per questa innovativa formula introdotta nel mondo dell\u2019orienteering proprio dall&#8217;Orienteering Tarzo e dall&#8217;OrMiane [&hellip;]<\/p>\n","protected":false},"author":31,"featured_media":9683,"comment_status":"closed","ping_status":"open","sticky":false,"template":"","format":"standard","meta":{"footnotes":""},"categories":[1],"tags":[],"class_list":["post-9682","post","type-post","status-publish","format-standard","has-post-thumbnail","hentry","category-articoli"],"_links":{"self":[{"href":"https:\/\/www.ortarzo.it\/en\/wp-json\/wp\/v2\/posts\/9682","targetHints":{"allow":["GET"]}}],"collection":[{"href":"https:\/\/www.ortarzo.it\/en\/wp-json\/wp\/v2\/posts"}],"about":[{"href":"https:\/\/www.ortarzo.it\/en\/wp-json\/wp\/v2\/types\/post"}],"author":[{"embeddable":true,"href":"https:\/\/www.ortarzo.it\/en\/wp-json\/wp\/v2\/users\/31"}],"replies":[{"embeddable":true,"href":"https:\/\/www.ortarzo.it\/en\/wp-json\/wp\/v2\/comments?post=9682"}],"version-history":[{"count":9,"href":"https:\/\/www.ortarzo.it\/en\/wp-json\/wp\/v2\/posts\/9682\/revisions"}],"predecessor-version":[{"id":9825,"href":"https:\/\/www.ortarzo.it\/en\/wp-json\/wp\/v2\/posts\/9682\/revisions\/9825"}],"wp:featuredmedia":[{"embeddable":true,"href":"https:\/\/www.ortarzo.it\/en\/wp-json\/wp\/v2\/media\/9683"}],"wp:attachment":[{"href":"https:\/\/www.ortarzo.it\/en\/wp-json\/wp\/v2\/media?parent=9682"}],"wp:term":[{"taxonomy":"category","embeddable":true,"href":"https:\/\/www.ortarzo.it\/en\/wp-json\/wp\/v2\/categories?post=9682"},{"taxonomy":"post_tag","embeddable":true,"href":"https:\/\/www.ortarzo.it\/en\/wp-json\/wp\/v2\/tags?post=9682"}],"curies":[{"name":"wp","href":"https:\/\/api.w.org\/{rel}","templated":true}]}}