{"id":9664,"date":"2019-10-28T10:45:08","date_gmt":"2019-10-28T09:45:08","guid":{"rendered":"https:\/\/www.ortarzo.it\/?p=9664"},"modified":"2019-12-11T23:15:34","modified_gmt":"2019-12-11T22:15:34","slug":"campionato-italiano-sprint-relay","status":"publish","type":"post","link":"https:\/\/www.ortarzo.it\/en\/2019\/10\/campionato-italiano-sprint-relay\/","title":{"rendered":"Campionato Italiano Sprint Relay"},"content":{"rendered":"<p>L&#8217;ultimo titolo nazionale, del 2019, si \u00e8 assegnato a Bardolino sulla distanza Sprint Relay. Una giornata tipicamente primaverile ha accolto i nostri atleti sulle rive del Lago di Garda; percorsi filanti e velocissimi hanno caratterizzato la gara che si \u00e8 alternata tra il centro storico di Bardolino e il Parco di Villa Carrara Bottagisio, dove era anche localizzata l&#8217;arena di partenza\/arrivo e il punto spettacolo.<\/p>\n<p>A questa gara l&#8217;OrTarzo arrivava con il bronzo conquistato lo scorso anno a Mezzano nella categoria SENIOR e con l&#8217;argento in categoria MASTER 35; l&#8217;obiettivo dichiarato era quello di provare a confermare le medaglie.<\/p>\n<p><strong>La giornata \u00e8 stata un susseguirsi di emozioni e la nostra staffetta SENIOR, composta da Jessica Lucchetta &#8211; Federico Venezian &#8211; Mattia Ferrari ha riconfermato la medaglia di bronzo dello scorso anno.<\/strong> La gara \u00e8 stata vinta dalla Polisportiva Masi davanti al&#8217;US Primiero, che ci hanno preceduti di 46&#8243; e 31&#8243;; questo anno non abbiamo avuto bisogno di squalifiche o punzonature errate per conquistare il podio ed inoltre \u00e8 stato fortemente ridotto il distacco dalle prime due squadre, sintomo che il lavoro nel lungo periodo sta pagando e i miglioramenti ci sono. Quando ci sono staffette da correre l&#8217;OrTarzo si dimostra coeso e mette in campo il 101%.<\/p>\n<p>Di seguito i commenti dei nostri ragazzi:<\/p>\n<ul>\n<li>\n<blockquote><p>Jessica: &#8220;Ho sbagliato al primo punto, perch\u00e9 mi sono lasciata trascinare dalle altre senior che avevano dei forking diversi. Ho perso il treno e quindi i punti successivi ho cercato di recuperare quanto pi\u00f9 potevo. Speravo andasse meglio, ma sono comunque contenta per il bel risultato dell&#8217;intera squadra&#8221;.<\/p><\/blockquote>\n<\/li>\n<li>\n<blockquote><p>Federico: &#8220;Sono stupito della mia frazione, ho corso una gara perfetta e senza errori e probabilmente nemmeno io pensavo di poter correre cos\u00ec bene e forte in questa occasione. Non ero fiducioso dopo la gara di Peschiera, ma sapevo che resettando avrei potuto dire la mia. Ho dato tutto quello che avevo per permettere a Mattia di partire il pi\u00f9 attaccato possibile ai primi. Sono contentissimo del risultato conquistato e questo risultato \u00e8 da stimolo per il futuro&#8221;.<\/p><\/blockquote>\n<\/li>\n<li>\n<blockquote><p>Mattia: &#8220;Sono contento di come ho affrontato la mia frazione. Ho ricevuto il cambio in un&#8217;ottima posizione grazie a Jessica e Federico e, anche se avrei potuto tentare di rientrare su Tenani e Zagonel, il rischio di sbagliare era davvero troppo alto, quindi ho preferito affrontare una gara il pi\u00f9 possibile accorta, lineare e prediligendo le scelte pi\u00f9 sicure. Da questa scelta ne \u00e8 derivata una frazione sicura che, alla fin dei conti, \u00e8 stata senza dubbio la cosa migliore per la squadra.&#8221;<\/p><\/blockquote>\n<\/li>\n<\/ul>\n<p>Questi i nostri altri risultati:<\/p>\n<ul>\n<li>Categoria YOUNG, 13esimo posto (12esimo italiano) per Kalawoti Chiarin &#8211; Simone De Gasperi &#8211; Lorenzo De Biasi,<\/li>\n<li>Categoria Junior, decimo posto per Maddalena De Biasi &#8211; Marco Tonetto &#8211; Stefano Viel,<\/li>\n<li>In M12, gara singola, quarto posto per Antonio Paset,<\/li>\n<li>In ESO, gara singola, terzo posto per Tesnim Hajlaoui,<\/li>\n<li>La staffetta MASTER, composta da Monica Bortolini &#8211; Walter Zanatta &#8211; Mauro De Nadai \u00e8 stata squalificata per una punzonatura errata.<\/li>\n<\/ul>\n<p>In attesa dei risultati definitivi sulla classifica del Campionato Italiano di Societ\u00e0 ora i nostri ragazzi\u00a0 sono attesi dalle ultime fatiche si stagione, con le gare di venerd\u00ec 1 novembre (Tour TV di Sonego, con tracciati a cura di Erik Nielsen) e con la finale di Coppa Veneto a Bassano del Grappa domenica 3.<\/p>\n","protected":false},"excerpt":{"rendered":"<p>L&#8217;ultimo titolo nazionale, del 2019, si \u00e8 assegnato a Bardolino sulla distanza Sprint Relay. Una giornata tipicamente primaverile ha accolto i nostri atleti sulle rive del Lago di Garda; percorsi filanti e velocissimi hanno caratterizzato la gara che si \u00e8 alternata tra il centro storico di Bardolino e il Parco di Villa Carrara Bottagisio, dove [&hellip;]<\/p>\n","protected":false},"author":40,"featured_media":9666,"comment_status":"closed","ping_status":"open","sticky":false,"template":"","format":"standard","meta":{"footnotes":""},"categories":[1],"tags":[],"class_list":["post-9664","post","type-post","status-publish","format-standard","has-post-thumbnail","hentry","category-articoli"],"_links":{"self":[{"href":"https:\/\/www.ortarzo.it\/en\/wp-json\/wp\/v2\/posts\/9664","targetHints":{"allow":["GET"]}}],"collection":[{"href":"https:\/\/www.ortarzo.it\/en\/wp-json\/wp\/v2\/posts"}],"about":[{"href":"https:\/\/www.ortarzo.it\/en\/wp-json\/wp\/v2\/types\/post"}],"author":[{"embeddable":true,"href":"https:\/\/www.ortarzo.it\/en\/wp-json\/wp\/v2\/users\/40"}],"replies":[{"embeddable":true,"href":"https:\/\/www.ortarzo.it\/en\/wp-json\/wp\/v2\/comments?post=9664"}],"version-history":[{"count":4,"href":"https:\/\/www.ortarzo.it\/en\/wp-json\/wp\/v2\/posts\/9664\/revisions"}],"predecessor-version":[{"id":9736,"href":"https:\/\/www.ortarzo.it\/en\/wp-json\/wp\/v2\/posts\/9664\/revisions\/9736"}],"wp:featuredmedia":[{"embeddable":true,"href":"https:\/\/www.ortarzo.it\/en\/wp-json\/wp\/v2\/media\/9666"}],"wp:attachment":[{"href":"https:\/\/www.ortarzo.it\/en\/wp-json\/wp\/v2\/media?parent=9664"}],"wp:term":[{"taxonomy":"category","embeddable":true,"href":"https:\/\/www.ortarzo.it\/en\/wp-json\/wp\/v2\/categories?post=9664"},{"taxonomy":"post_tag","embeddable":true,"href":"https:\/\/www.ortarzo.it\/en\/wp-json\/wp\/v2\/tags?post=9664"}],"curies":[{"name":"wp","href":"https:\/\/api.w.org\/{rel}","templated":true}]}}