{"id":8563,"date":"2017-05-01T13:05:00","date_gmt":"2017-05-01T11:05:00","guid":{"rendered":"https:\/\/www.ortarzo.it\/?p=8563"},"modified":"2017-05-14T15:14:02","modified_gmt":"2017-05-14T13:14:02","slug":"10mila-la-piu-difficile-sempre","status":"publish","type":"post","link":"https:\/\/www.ortarzo.it\/en\/2017\/05\/10mila-la-piu-difficile-sempre\/","title":{"rendered":"10mila: la pi\u00f9 difficile di sempre"},"content":{"rendered":"<p>La 10mila pi\u00f9 difficile di sempre. E non solo per noi: il tempo della staffetta vincitrice \u00e8 stato di 1 ora superiore alle previsioni. Il lancio dei frazionisti che non avevano ancora ricevuto il cambio questa mattina \u00e8 stato posticipato dalle 8.30 alle 9.30 perch\u00e9 erano arrivate troppe poche staffette. Mai successo nella storia della 10mila (<a href=\"https:\/\/www.ortarzo.it\/2016\/05\/le-grandi-classiche\/\" title=\"\">ed \u00e8 una storia lunga 72\u00a0anni!<\/a>).<\/p>\n<p>Ma procediamo con ordine. I nostri sono arrivati venerd\u00ec e hanno fatto l\u2019<strong>allenamento<\/strong> ufficiale per scaldare un po\u2019 i muscoli ed entrare in carta. Diluviava e tutto sommato il terreno non era poi cos\u00ec simile alla gara di sabato: bene ma non benissimo.<\/p>\n<p>Sabato pomeriggio <strong>gara femminile<\/strong>: al lancio Anna Giovanelli, prima volta in Svezia, con un ottimo piazzamento a soli 10 minuti dalle prime. Seconda Benedetta, poi la Jessica con la frazione pi\u00f9 lunga e infine Elena e Cristina. Le ragazze hanno rispettato i tempi previsti, 290\u00b0 nella <a href=\"https:\/\/eventor.orientering.se\/Events\/ResultList?eventId=14802&amp;eventClassId=269171\" title=\"\">classifica finale<\/a> (su circa 300 classificate e una marea di escluse per punzonature errate e ritiri). Brave!<\/p>\n<p><a href=\"https:\/\/eventor.orientering.se\/Events\/ResultList?eventId=14802&amp;eventClassId=269171\" title=\"\"><img loading=\"lazy\" decoding=\"async\" class=\"aligncenter size-full wp-image-8564\" src=\"https:\/\/files.ortarzo.it\/2017\/05\/10mila2017-risultati-donne.png\" alt=\"\" width=\"661\" height=\"95\" srcset=\"https:\/\/files.ortarzo.it\/2017\/05\/10mila2017-risultati-donne.png 661w, https:\/\/files.ortarzo.it\/2017\/05\/10mila2017-risultati-donne-300x43.png 300w, https:\/\/files.ortarzo.it\/2017\/05\/10mila2017-risultati-donne-500x72.png 500w\" sizes=\"auto, (max-width: 661px) 100vw, 661px\" \/><\/a><\/p>\n<p>Poi alle 21 l\u2019inizio delle danze per la gara maschile: al lancio Erik che aveva i treni da seguire (per i neofiti: i &#8220;treni&#8221; sono i gruppi di\u00a0altri concorrenti che si seguono per alcuni punti, tipici delle staffette con partenza in massa. Non \u00e8 facile trovare un treno perch\u00e9 i percorsi sono leggermente diversi, ma se si trova quello giusto si va veloci come fulmini) ma \u00e8 stato risucchiato\u00a0dentro una palude, questo il suo commento:<\/p>\n<div class=\"video-container\" data-test=\"https:\/\/soundcloud.com\/ortarzo\/commento-erik-10mila-2017\"><iframe loading=\"lazy\" width=\"680\" height=\"400\" scrolling=\"no\" frameborder=\"no\" src=\"https:\/\/w.soundcloud.com\/player\/?visual=true&#038;url=https%3A%2F%2Fapi.soundcloud.com%2Ftracks%2F320313082&#038;show_artwork=true&#038;maxwidth=680&#038;maxheight=1000\"><\/iframe><\/div>\n<p>Dopodich\u00e9 Roland che ha fatto \u201cla gara pi\u00f9 dura della sua vita\u201d trovando quindi la giusta motivazione per correre in futuro nella sua categoria, la tranquilla M40. Alle 2.30 cambio con Michael che come Roland ha sofferto tantissimo il freddo (-2\u00b0C) e mentre correva sentiva scricchiolare le paludi ghiacciate sotto i suoi piedi.<\/p>\n<p><a href=\"https:\/\/files.ortarzo.it\/2017\/04\/IMG-20170430-WA0005-e1493636795536.jpg\" data-rel=\"lightbox-image-0\" data-rl_title=\"\" data-rl_caption=\"\" title=\"\"><img loading=\"lazy\" decoding=\"async\" class=\"aligncenter size-large wp-image-8560\" src=\"https:\/\/files.ortarzo.it\/2017\/04\/IMG-20170430-WA0005-e1493636795536.jpg\" alt=\"\" width=\"649\" height=\"588\" srcset=\"https:\/\/files.ortarzo.it\/2017\/04\/IMG-20170430-WA0005-e1493636795536.jpg 649w, https:\/\/files.ortarzo.it\/2017\/04\/IMG-20170430-WA0005-e1493636795536-300x272.jpg 300w, https:\/\/files.ortarzo.it\/2017\/04\/IMG-20170430-WA0005-e1493636795536-121x110.jpg 121w\" sizes=\"auto, (max-width: 649px) 100vw, 649px\" \/><\/a><\/p>\n<p>Alle 4.30 Federico si fa aspettare un po\u2019 al cambio (purtroppo i punti radio non erano cos\u00ec affidabili e non si capiva bene quando farsi trovare pronti) ma poi parte e al primo punto distrugge la bussola. Prosegue quindi a correre la sua frazione di 16.4 km (la pi\u00f9 lunga) senza il riferimento del nord. Viste le condizioni compie l\u2019impresa con una super gara e d\u00e0 il cambio ad Alessandro De Noni alle 7.20 che recupera 6 posizioni. Dopo di lui con Alessandro De Biasi si ripete una scena simile a quella di Federico e la bussola si rompe! Ma in realt\u00e0 \u00e8 solo il supporto al dito ad essersi spezzato e quindi la gara prosegue con la ghiera della bussola in bocca che ancora segna il nord (ma \u00e8 un po\u2019 scomoda da consultare).<\/p>\n<p>Infine alle 9.30 di mattina partono al lancio Enrico, Maurizio, Niccol\u00f2 e Mattina che fanno tutti una buona gara, ma c\u2019era anche il sole che aiutava: la notte svedese non perdona!<\/p>\n<div class=\"video-container\" data-test=\"https:\/\/youtu.be\/fRMiy59qUKM\"><iframe loading=\"lazy\" width=\"680\" height=\"510\" src=\"https:\/\/www.youtube.com\/embed\/fRMiy59qUKM?feature=oembed\" frameborder=\"0\" allowfullscreen><\/iframe><\/div>\n<p>Alla fine la <a href=\"https:\/\/eventor.orientering.se\/Events\/ResultList?eventId=14802&amp;eventClassId=269172\">classifica<\/a> \u00e8\u00a0220\u00b0 posizione su circa 300 staffette . L\u2019obiettivo di arrivare\u00a0senza punzonature sbagliate \u00e8 stato portato a casa! E che nessuno pensi che sia cos\u00ec facile: una punzonatura errata (o un ritiro a causa del freddo) e tutta la staffetta veniva esclusa dalla classifica finale.<\/p>\n<p><a href=\"https:\/\/eventor.orientering.se\/Events\/ResultList?eventId=14802&amp;eventClassId=269172\"><img loading=\"lazy\" decoding=\"async\" class=\"aligncenter size-full wp-image-8568\" src=\"https:\/\/files.ortarzo.it\/2017\/05\/10mila2017-risultati-uomini.png\" alt=\"\" width=\"665\" height=\"171\" srcset=\"https:\/\/files.ortarzo.it\/2017\/05\/10mila2017-risultati-uomini.png 665w, https:\/\/files.ortarzo.it\/2017\/05\/10mila2017-risultati-uomini-300x77.png 300w, https:\/\/files.ortarzo.it\/2017\/05\/10mila2017-risultati-uomini-428x110.png 428w\" sizes=\"auto, (max-width: 665px) 100vw, 665px\" \/><\/a><\/p>\n<p>Per chi volesse rivivere le emozioni della 10mila pu\u00f2 rileggere il nostro <a href=\"https:\/\/www.ortarzo.it\/2017\/04\/la-lunga-giornata-della-10mila\/\">articolo liveblog<\/a>. In teoria nelle prossime ore gli organizzatori dovrebbero pubblicare anche il replay della diretta TV. Qui le <a href=\"https:\/\/www.tulospalvelu.fi\/gps\/\">tracce GPS<\/a> (con le mappe di ogni frazione). Controllate anche l&#8217;<a href=\"https:\/\/doma.ortarzo.it\/users.php\">archivio mappe<\/a>, per i percorsi dei nostri.<\/p>\n<p>Ora ci aspetta la <a href=\"http:\/\/www.tolweb.net\/relay-dolomites\"><strong>Staffetta delle Dolomiti<\/strong><\/a> il 14 maggio, queste le nostre staffette schierate:<\/p>\n<ol>\n<li>Federico Venezian<\/li>\n<li>Stefano Viel<\/li>\n<li>Marco Tonetto<\/li>\n<li>Jessica Lucchetta<\/li>\n<li>Enrico De Noni<\/li>\n<\/ol>\n<ol>\n<li>Erik Nielsen<\/li>\n<li>Riccardo Pavetta<\/li>\n<li>Alessandro\u00a0De Biasi<\/li>\n<li>Benedetta Vanzella<\/li>\n<li>Niccol\u00f2 Del Missier<\/li>\n<\/ol>\n<p>Dopodich\u00e9 riprenderanno le gare nazionali con la <a href=\"http:\/\/www.erebusvicenza.it\/highlandsopen\/\">Coppa Italia e Sprint Tour<\/a> a Marostica e sull\u2019Altopiano di Asiago il 20 e 21 maggio. La manifestazione sar\u00e0 valida anche come Latinum Certamen (Coppa dei Paesi Latini) e la nostra Jessica dovrebbe rappresentare\u00a0l\u2019Italia in W20. Tanta soddisfazione ma noi la vogliamo vedere in <a href=\"http:\/\/www.jwoc2017.fi\/\">Finlandia a luglio<\/a>!<\/p>\n","protected":false},"excerpt":{"rendered":"<p>La 10mila pi\u00f9 difficile di sempre. E non solo per noi: il tempo della staffetta vincitrice \u00e8 stato di 1 ora superiore alle previsioni. Il lancio dei frazionisti che non avevano ancora ricevuto il cambio questa mattina \u00e8 stato posticipato dalle 8.30 alle 9.30 perch\u00e9 erano arrivate troppe poche staffette. Mai successo nella storia della [&hellip;]<\/p>\n","protected":false},"author":26,"featured_media":8537,"comment_status":"closed","ping_status":"open","sticky":false,"template":"","format":"standard","meta":{"footnotes":""},"categories":[1],"tags":[],"class_list":["post-8563","post","type-post","status-publish","format-standard","has-post-thumbnail","hentry","category-articoli"],"_links":{"self":[{"href":"https:\/\/www.ortarzo.it\/en\/wp-json\/wp\/v2\/posts\/8563","targetHints":{"allow":["GET"]}}],"collection":[{"href":"https:\/\/www.ortarzo.it\/en\/wp-json\/wp\/v2\/posts"}],"about":[{"href":"https:\/\/www.ortarzo.it\/en\/wp-json\/wp\/v2\/types\/post"}],"author":[{"embeddable":true,"href":"https:\/\/www.ortarzo.it\/en\/wp-json\/wp\/v2\/users\/26"}],"replies":[{"embeddable":true,"href":"https:\/\/www.ortarzo.it\/en\/wp-json\/wp\/v2\/comments?post=8563"}],"version-history":[{"count":12,"href":"https:\/\/www.ortarzo.it\/en\/wp-json\/wp\/v2\/posts\/8563\/revisions"}],"predecessor-version":[{"id":8584,"href":"https:\/\/www.ortarzo.it\/en\/wp-json\/wp\/v2\/posts\/8563\/revisions\/8584"}],"wp:featuredmedia":[{"embeddable":true,"href":"https:\/\/www.ortarzo.it\/en\/wp-json\/wp\/v2\/media\/8537"}],"wp:attachment":[{"href":"https:\/\/www.ortarzo.it\/en\/wp-json\/wp\/v2\/media?parent=8563"}],"wp:term":[{"taxonomy":"category","embeddable":true,"href":"https:\/\/www.ortarzo.it\/en\/wp-json\/wp\/v2\/categories?post=8563"},{"taxonomy":"post_tag","embeddable":true,"href":"https:\/\/www.ortarzo.it\/en\/wp-json\/wp\/v2\/tags?post=8563"}],"curies":[{"name":"wp","href":"https:\/\/api.w.org\/{rel}","templated":true}]}}