{"id":8098,"date":"2016-12-21T17:58:47","date_gmt":"2016-12-21T16:58:47","guid":{"rendered":"https:\/\/www.ortarzo.it\/?p=8098"},"modified":"2017-04-11T18:37:42","modified_gmt":"2017-04-11T16:37:42","slug":"tarzo-sostiene-tolentino","status":"publish","type":"post","link":"https:\/\/www.ortarzo.it\/en\/2016\/12\/tarzo-sostiene-tolentino\/","title":{"rendered":"Tarzo sostiene Tolentino"},"content":{"rendered":"<p>Negli ultimi anni il Comune di Tarzo ha avviato un gemellaggio con il Comune di Tolentino, in provincia di Macerata, nelle Marche.\u00a0La collaborazione \u00e8 iniziata nel 2014 con la partecipazione di alcune realt\u00e0 locali al <a href=\"https:\/\/www.tolentinoexpo.it\/\" title=\"\">Tolentino Expo<\/a>. Il legame di amicizia \u00e8 continuato ed esattamente un anno fa \u00e8 stato organizzato un incontro fra la delegazione di tolentinati in visita a Tarzo e le associazione locali, incluso l&#8217;orienteering.<\/p>\n<p>Il 30 ottobre 2016 Tolentino \u00e8 stato colpito dal <a href=\"http:\/\/cnt.rm.ingv.it\/event\/8863681\" title=\"\">sisma<\/a> di cui tutti abbiamo sentito parlare. Il paese si trova ai margini del cratere, tuttavia a quasi due mesi dal sisma il 20% degli edifici sono ancora inagibili. Inizialmente oltre met\u00e0 dei 20 mila\u00a0abitanti hanno dovuto uscire di casa in attesa delle verifiche per l&#8217;agibilit\u00e0.<\/p>\n<p><a href=\"http:\/\/cnt.rm.ingv.it\/event\/8863681\" title=\"\"><img loading=\"lazy\" decoding=\"async\" class=\"aligncenter size-full wp-image-8101\" src=\"https:\/\/files.ortarzo.it\/2016\/12\/intensity.jpg\" alt=\"\" width=\"595\" height=\"676\" srcset=\"https:\/\/files.ortarzo.it\/2016\/12\/intensity.jpg 595w, https:\/\/files.ortarzo.it\/2016\/12\/intensity-264x300.jpg 264w, https:\/\/files.ortarzo.it\/2016\/12\/intensity-97x110.jpg 97w\" sizes=\"auto, (max-width: 595px) 100vw, 595px\" \/><\/a><\/p>\n<p>Il Comune di Tarzo si \u00e8 subito mobilitato per\u00a0supportare gli amici marchigiani e non \u00e8 mancato il coinvolgimento delle associazioni con un incontro che si \u00e8 svolto lo scorso 15 novembre. Tutte le associazioni del comune stanno fornendo il loro supporto, noi dell&#8217;Orienteering Tarzo abbiamo\u00a0deciso di\u00a0contribuire devolvendo l&#8217;utile della <a href=\"https:\/\/www.ortarzo.it\/gara\/tarzo-2017\/\" title=\"\">1\u00aa prova del Tour Trevigiano<\/a> che organizzeremo il 29 gennaio 2017 a Tarzo. Vi aspettiamo numerosi!<\/p>\n<p><a href=\"https:\/\/files.ortarzo.it\/2016\/12\/tarzo-pro-tolentino.png\" data-rel=\"lightbox-image-0\" data-rl_title=\"\" data-rl_caption=\"\" title=\"\"><img loading=\"lazy\" decoding=\"async\" class=\"aligncenter size-full wp-image-8102\" src=\"https:\/\/files.ortarzo.it\/2016\/12\/tarzo-pro-tolentino.png\" alt=\"\" width=\"653\" height=\"733\" srcset=\"https:\/\/files.ortarzo.it\/2016\/12\/tarzo-pro-tolentino.png 653w, https:\/\/files.ortarzo.it\/2016\/12\/tarzo-pro-tolentino-267x300.png 267w, https:\/\/files.ortarzo.it\/2016\/12\/tarzo-pro-tolentino-98x110.png 98w\" sizes=\"auto, (max-width: 653px) 100vw, 653px\" \/><\/a><\/p>\n<p>Il contributo sar\u00e0 devoluto al Comune di Tolentino. Potete leggere gli ultimi aggiornamenti sul <a href=\"http:\/\/www.comune.tolentino.mc.it\/comunicati-cms\/la-situazione-a-tolentino-martedi-13-dicembre\/\">loro sito<\/a>.<\/p>\n<p><em>Immagini\u00a0da <a href=\"http:\/\/www.cronachemaceratesi.it\/2016\/10\/30\/tolentino-20mila-fuori-di-casa\/879276\/\">Cronache Maceratesi<\/a>, <a href=\"http:\/\/cnt.rm.ingv.it\/event\/8863681\">INGV<\/a>.<\/em><\/p>\n","protected":false},"excerpt":{"rendered":"<p>Negli ultimi anni il Comune di Tarzo ha avviato un gemellaggio con il Comune di Tolentino, in provincia di Macerata, nelle Marche.\u00a0La collaborazione \u00e8 iniziata nel 2014 con la partecipazione di alcune realt\u00e0 locali al Tolentino Expo. Il legame di amicizia \u00e8 continuato ed esattamente un anno fa \u00e8 stato organizzato un incontro fra la [&hellip;]<\/p>\n","protected":false},"author":26,"featured_media":8099,"comment_status":"closed","ping_status":"open","sticky":false,"template":"","format":"standard","meta":{"footnotes":""},"categories":[1],"tags":[],"class_list":["post-8098","post","type-post","status-publish","format-standard","has-post-thumbnail","hentry","category-articoli"],"_links":{"self":[{"href":"https:\/\/www.ortarzo.it\/en\/wp-json\/wp\/v2\/posts\/8098","targetHints":{"allow":["GET"]}}],"collection":[{"href":"https:\/\/www.ortarzo.it\/en\/wp-json\/wp\/v2\/posts"}],"about":[{"href":"https:\/\/www.ortarzo.it\/en\/wp-json\/wp\/v2\/types\/post"}],"author":[{"embeddable":true,"href":"https:\/\/www.ortarzo.it\/en\/wp-json\/wp\/v2\/users\/26"}],"replies":[{"embeddable":true,"href":"https:\/\/www.ortarzo.it\/en\/wp-json\/wp\/v2\/comments?post=8098"}],"version-history":[{"count":4,"href":"https:\/\/www.ortarzo.it\/en\/wp-json\/wp\/v2\/posts\/8098\/revisions"}],"predecessor-version":[{"id":8407,"href":"https:\/\/www.ortarzo.it\/en\/wp-json\/wp\/v2\/posts\/8098\/revisions\/8407"}],"wp:featuredmedia":[{"embeddable":true,"href":"https:\/\/www.ortarzo.it\/en\/wp-json\/wp\/v2\/media\/8099"}],"wp:attachment":[{"href":"https:\/\/www.ortarzo.it\/en\/wp-json\/wp\/v2\/media?parent=8098"}],"wp:term":[{"taxonomy":"category","embeddable":true,"href":"https:\/\/www.ortarzo.it\/en\/wp-json\/wp\/v2\/categories?post=8098"},{"taxonomy":"post_tag","embeddable":true,"href":"https:\/\/www.ortarzo.it\/en\/wp-json\/wp\/v2\/tags?post=8098"}],"curies":[{"name":"wp","href":"https:\/\/api.w.org\/{rel}","templated":true}]}}