{"id":7763,"date":"2016-08-28T10:07:27","date_gmt":"2016-08-28T08:07:27","guid":{"rendered":"https:\/\/www.ortarzo.it\/?p=7763"},"modified":"2016-09-12T11:35:49","modified_gmt":"2016-09-12T09:35:49","slug":"woc-la-staffetta","status":"publish","type":"post","link":"https:\/\/www.ortarzo.it\/en\/2016\/08\/woc-la-staffetta\/","title":{"rendered":"WOC: la staffetta"},"content":{"rendered":"<p>Tradizionalmente i mondiali si chiudono con la gara pi\u00f9 spettacolare di tutte: la staffetta. Per quanto riguarda l&#8217;Italia\u00a0non c&#8217;\u00e8 stato nessun piazzamento di rilievo per gli uomini mentre bisogna segnalare l&#8217;ottimo decimo posto delle donne. Anche Il Trail-O aveva la sua staffetta, l&#8217;Italia si \u00e8 piazzata al settimo posto con il trio Madella\/Cera\/Tenani.<\/p>\n<p>Gli atleti dell&#8217;OrTarzo dopo la visita a Oslo hanno continuato a partecipare alle gare di contorno, ecco i risultati di ieri:<\/p>\n<table id=\"divResults\" class=\"dataTable\" width=\"100%\">\n<thead>\n<tr>\n<th class=\"sorting\" tabindex=\"0\" colspan=\"1\" rowspan=\"1\">#<\/th>\n<th class=\"sorting\" tabindex=\"0\" colspan=\"1\" rowspan=\"1\">Nome<\/th>\n<th class=\"sorting\" tabindex=\"0\" colspan=\"1\" rowspan=\"1\">Categoria<\/th>\n<th class=\"left sorting\" tabindex=\"0\" colspan=\"1\" rowspan=\"1\">Arrivo<\/th>\n<\/tr>\n<\/thead>\n<tbody>\n<tr class=\"odd\">\n<td class=\"\">2<\/td>\n<td class=\"\">Jessica Lucchetta<\/td>\n<td class=\"\">D17-20K<\/td>\n<td class=\"left\">83:08 (2)<\/td>\n<\/tr>\n<tr class=\"even\">\n<td class=\"\">5<\/td>\n<td class=\"\">Niccol\u00f2 Del Missier<\/td>\n<td class=\"\">H20<\/td>\n<td class=\"left\">119:25 (5)<\/td>\n<\/tr>\n<tr class=\"odd\">\n<td class=\"\">11<\/td>\n<td class=\"\">Benedetta Vanzella<\/td>\n<td class=\"\">D18<\/td>\n<td class=\"left\">89:42 (11)<\/td>\n<\/tr>\n<tr class=\"even\">\n<td class=\"\">16<\/td>\n<td class=\"\">Alessandro De Biasi<\/td>\n<td class=\"\">H18<\/td>\n<td class=\"left\">119:43 (16)<\/td>\n<\/tr>\n<tr class=\"odd\">\n<td class=\"\">21<\/td>\n<td class=\"\">Chiara Sanzovo<\/td>\n<td class=\"\">D21K<\/td>\n<td class=\"left\">151:52 (21)<\/td>\n<\/tr>\n<tr class=\"even\">\n<td class=\"\">31<\/td>\n<td class=\"\">Roland Pin<\/td>\n<td class=\"\">H40<\/td>\n<td class=\"left\">80:01 (31)<\/td>\n<\/tr>\n<tr class=\"odd\">\n<td class=\"\">48<\/td>\n<td class=\"\">Enrico De Noni<\/td>\n<td class=\"\">H21E<\/td>\n<td class=\"left\">156:53 (48)<\/td>\n<\/tr>\n<tr class=\"even\">\n<td class=\"\">49<\/td>\n<td class=\"\">Maurizio Mel<\/td>\n<td class=\"\">H21<\/td>\n<td class=\"left\">137:54 (49)<\/td>\n<\/tr>\n<tr class=\"odd\">\n<td class=\"\">62<\/td>\n<td class=\"\">Marco Tonetto<\/td>\n<td class=\"\">H16<\/td>\n<td class=\"left\">70:04 (62)<\/td>\n<\/tr>\n<tr class=\"even\">\n<td class=\"\">&#8211;<\/td>\n<td class=\"\">Elena Bernardi<\/td>\n<td class=\"\">D20<\/td>\n<td class=\"left\">PM<\/td>\n<\/tr>\n<tr class=\"odd\">\n<td class=\"\">&#8211;<\/td>\n<td class=\"\">Loris D&#8217;Errico<\/td>\n<td class=\"\">H21<\/td>\n<td class=\"left\">PM<\/td>\n<\/tr>\n<tr class=\"even\">\n<td class=\"\">&#8211;<\/td>\n<td class=\"\">Alessandro De Noni<\/td>\n<td class=\"\">H21E<\/td>\n<td class=\"left\">PM<\/td>\n<\/tr>\n<tr class=\"odd\">\n<td class=\"\">&#8211;<\/td>\n<td class=\"\">Federico Venezian<\/td>\n<td class=\"\">H21E<\/td>\n<td class=\"left\">PM<\/td>\n<\/tr>\n<\/tbody>\n<\/table>\n<p>Ormai l&#8217;avventura svedese si sta chiudendo e il pulmino \u00e8 gi\u00e0 partito per affrontare i 2100 km che li separa da Tarzo. Quelli che viaggiano in aereo rimarranno l\u00ec anche oggi e stanno partecipando all&#8217;ultima gara di contorno.<\/p>\n<p>Qui sotto la registrazione televisiva della staffetta.<\/p>\n<div class=\"video-container\"><iframe loading=\"lazy\" id=\"ls_embed_1471961291\" src=\"\/\/livestream.com\/accounts\/8712572\/events\/5501884\/player?width=560&amp;height=315&amp;autoPlay=false&amp;mute=false\" width=\"560\" height=\"315\" frameborder=\"0\" scrolling=\"no\" allowfullscreen=\"allowfullscreen\"><\/iframe><\/div>\n<p>&nbsp;<\/p>\n","protected":false},"excerpt":{"rendered":"<p>Tradizionalmente i mondiali si chiudono con la gara pi\u00f9 spettacolare di tutte: la staffetta. Per quanto riguarda l&#8217;Italia\u00a0non c&#8217;\u00e8 stato nessun piazzamento di rilievo per gli uomini mentre bisogna segnalare l&#8217;ottimo decimo posto delle donne. Anche Il Trail-O aveva la sua staffetta, l&#8217;Italia si \u00e8 piazzata al settimo posto con il trio Madella\/Cera\/Tenani. Gli atleti [&hellip;]<\/p>\n","protected":false},"author":26,"featured_media":7764,"comment_status":"closed","ping_status":"open","sticky":false,"template":"","format":"standard","meta":{"footnotes":""},"categories":[1],"tags":[],"class_list":["post-7763","post","type-post","status-publish","format-standard","has-post-thumbnail","hentry","category-articoli"],"_links":{"self":[{"href":"https:\/\/www.ortarzo.it\/en\/wp-json\/wp\/v2\/posts\/7763","targetHints":{"allow":["GET"]}}],"collection":[{"href":"https:\/\/www.ortarzo.it\/en\/wp-json\/wp\/v2\/posts"}],"about":[{"href":"https:\/\/www.ortarzo.it\/en\/wp-json\/wp\/v2\/types\/post"}],"author":[{"embeddable":true,"href":"https:\/\/www.ortarzo.it\/en\/wp-json\/wp\/v2\/users\/26"}],"replies":[{"embeddable":true,"href":"https:\/\/www.ortarzo.it\/en\/wp-json\/wp\/v2\/comments?post=7763"}],"version-history":[{"count":0,"href":"https:\/\/www.ortarzo.it\/en\/wp-json\/wp\/v2\/posts\/7763\/revisions"}],"wp:featuredmedia":[{"embeddable":true,"href":"https:\/\/www.ortarzo.it\/en\/wp-json\/wp\/v2\/media\/7764"}],"wp:attachment":[{"href":"https:\/\/www.ortarzo.it\/en\/wp-json\/wp\/v2\/media?parent=7763"}],"wp:term":[{"taxonomy":"category","embeddable":true,"href":"https:\/\/www.ortarzo.it\/en\/wp-json\/wp\/v2\/categories?post=7763"},{"taxonomy":"post_tag","embeddable":true,"href":"https:\/\/www.ortarzo.it\/en\/wp-json\/wp\/v2\/tags?post=7763"}],"curies":[{"name":"wp","href":"https:\/\/api.w.org\/{rel}","templated":true}]}}