{"id":7697,"date":"2016-08-21T21:59:40","date_gmt":"2016-08-21T19:59:40","guid":{"rendered":"https:\/\/www.ortarzo.it\/?p=7697"},"modified":"2017-12-11T17:51:39","modified_gmt":"2017-12-11T16:51:39","slug":"ortarzo-in-svezia","status":"publish","type":"post","link":"https:\/\/www.ortarzo.it\/en\/2016\/08\/ortarzo-in-svezia\/","title":{"rendered":"L&#8217;OrTarzo \u00e8 in Svezia"},"content":{"rendered":"<p>Dopo 24 ore di viaggio in pulmino ieri mattina l&#8217;OrTarzo \u00e8 ufficialmente arrivato in Svezia per seguire le gare dei mondiali. Fra ieri e oggi si sono svolte le prove Sprint e Sprint Relay. Purtroppo nessun piazzamento di rilievo per gli italiani in gara.<\/p>\n<p>I nostri oltre a seguire le gare del mondiale stanno partecipanto al <a href=\"https:\/\/web.archive.org\/web\/20161223225945\/http:\/\/live.woc2016.se:80\/blog\/category\/roc\/\">Rocky Orienteering Circus<\/a>, oggi la seconda prova (la prima a cui abbiamo partecipato) ecco i risultati:<\/p>\n<table id=\"divResults\" class=\"dataTable\" width=\"100%\">\n<thead>\n<tr>\n<th class=\"sorting_asc\" tabindex=\"0\" colspan=\"1\" rowspan=\"1\">#<\/th>\n<th class=\"sorting\" tabindex=\"0\" colspan=\"1\" rowspan=\"1\">Nome<\/th>\n<th class=\"sorting\" tabindex=\"0\" colspan=\"1\" rowspan=\"1\">Categoria<\/th>\n<th class=\"left sorting\" tabindex=\"0\" colspan=\"1\" rowspan=\"1\">Arrivo<\/th>\n<\/tr>\n<\/thead>\n<tbody>\n<tr class=\"odd\">\n<td class=\" sorting_1\">3<\/td>\n<td class=\"\">Elena Bernardi<\/td>\n<td class=\"\">D20<\/td>\n<td class=\"left\">76:08 (3)<\/td>\n<\/tr>\n<tr class=\"even\">\n<td class=\" sorting_1\">12<\/td>\n<td class=\"\">Alessandro De Biasi<\/td>\n<td class=\"\">H18<\/td>\n<td class=\"left\">48:07 (12)<\/td>\n<\/tr>\n<tr class=\"odd\">\n<td class=\" sorting_1\">28<\/td>\n<td class=\"\">Loris D&#8217;Errico<\/td>\n<td class=\"\">H21<\/td>\n<td class=\"left\">38:45 (28)<\/td>\n<\/tr>\n<tr class=\"even\">\n<td class=\" sorting_1\">39<\/td>\n<td class=\"\">Federico Venezian<\/td>\n<td class=\"\">H21E<\/td>\n<td class=\"left\">46:45 (39)<\/td>\n<\/tr>\n<tr class=\"odd\">\n<td class=\" sorting_1\">41<\/td>\n<td class=\"\">Enrico De Noni<\/td>\n<td class=\"\">H21E<\/td>\n<td class=\"left\">49:51 (41)<\/td>\n<\/tr>\n<tr class=\"even\">\n<td class=\" sorting_1\">46<\/td>\n<td class=\"\">Alessandro De Noni<\/td>\n<td class=\"\">H21E<\/td>\n<td class=\"left\">57:32 (46)<\/td>\n<\/tr>\n<tr class=\"odd\">\n<td class=\" sorting_1\">50<\/td>\n<td class=\"\">Marco Tonetto<\/td>\n<td class=\"\">H16<\/td>\n<td class=\"left\">69:24 (50)<\/td>\n<\/tr>\n<tr class=\"even\">\n<td class=\" sorting_1\">51<\/td>\n<td class=\"\">Maurizio Mel<\/td>\n<td class=\"\">H21<\/td>\n<td class=\"left\">62:54 (51)<\/td>\n<\/tr>\n<\/tbody>\n<\/table>\n<p>Mercoled\u00ec arriver\u00e0 anche il secondo gruppo in aereo: Chiara Sanzovo, Jessica Lucchetta, Benedetta Vanzella, Niccol\u00f2 Del Missier e il presidente Roland Pin.<\/p>\n<p>Il calendario con le prossime gare del mondiale \u00e8 il seguente:<\/p>\n<ul>\n<li>23 agosto: WOC Middle e WTOC TempO<\/li>\n<li>24 agosto: WTOC PreO day 1<\/li>\n<li>25 agosto: WOC Long<\/li>\n<li>26 agosto: WTOC PreO day 2<\/li>\n<li>27 agosto: WOC Relay e WTOC PreO Relay<\/li>\n<\/ul>\n<p>Per seguire le gare si pu\u00f2 utilizzare il <a href=\"https:\/\/web.archive.org\/web\/20170518112652\/http:\/\/live.woc2016.se:80\/\">Live Center<\/a> degli organizzatori. Tutte le gare sono seguibili in diretta streaming tramite il <a href=\"https:\/\/liveorienteering.com\">Live Center<\/a> della IOF. I replay sono gratuiti (<a href=\"https:\/\/liveorienteering.com\/#\/live?id=5354\">Sprint<\/a>) mentre le dirette a pagamento (6\u20ac a gara oppure 20\u20ac tutto il pacchetto).<\/p>\n<p>L&#8217;Italia ha aspirazioni nel PreO (orienteering di precisione) dove siamo campioni del mondo ed <a href=\"https:\/\/www.ortarzo.it\/2016\/05\/sulla-vetta-europa\/\">europei <\/a>in carica.<\/p>\n","protected":false},"excerpt":{"rendered":"<p>Dopo 24 ore di viaggio in pulmino ieri mattina l&#8217;OrTarzo \u00e8 ufficialmente arrivato in Svezia per seguire le gare dei mondiali. Fra ieri e oggi si sono svolte le prove Sprint e Sprint Relay. Purtroppo nessun piazzamento di rilievo per gli italiani in gara. I nostri oltre a seguire le gare del mondiale stanno partecipanto [&hellip;]<\/p>\n","protected":false},"author":26,"featured_media":7698,"comment_status":"closed","ping_status":"open","sticky":false,"template":"","format":"standard","meta":{"footnotes":""},"categories":[1],"tags":[],"class_list":["post-7697","post","type-post","status-publish","format-standard","has-post-thumbnail","hentry","category-articoli"],"_links":{"self":[{"href":"https:\/\/www.ortarzo.it\/en\/wp-json\/wp\/v2\/posts\/7697","targetHints":{"allow":["GET"]}}],"collection":[{"href":"https:\/\/www.ortarzo.it\/en\/wp-json\/wp\/v2\/posts"}],"about":[{"href":"https:\/\/www.ortarzo.it\/en\/wp-json\/wp\/v2\/types\/post"}],"author":[{"embeddable":true,"href":"https:\/\/www.ortarzo.it\/en\/wp-json\/wp\/v2\/users\/26"}],"replies":[{"embeddable":true,"href":"https:\/\/www.ortarzo.it\/en\/wp-json\/wp\/v2\/comments?post=7697"}],"version-history":[{"count":4,"href":"https:\/\/www.ortarzo.it\/en\/wp-json\/wp\/v2\/posts\/7697\/revisions"}],"predecessor-version":[{"id":8929,"href":"https:\/\/www.ortarzo.it\/en\/wp-json\/wp\/v2\/posts\/7697\/revisions\/8929"}],"wp:featuredmedia":[{"embeddable":true,"href":"https:\/\/www.ortarzo.it\/en\/wp-json\/wp\/v2\/media\/7698"}],"wp:attachment":[{"href":"https:\/\/www.ortarzo.it\/en\/wp-json\/wp\/v2\/media?parent=7697"}],"wp:term":[{"taxonomy":"category","embeddable":true,"href":"https:\/\/www.ortarzo.it\/en\/wp-json\/wp\/v2\/categories?post=7697"},{"taxonomy":"post_tag","embeddable":true,"href":"https:\/\/www.ortarzo.it\/en\/wp-json\/wp\/v2\/tags?post=7697"}],"curies":[{"name":"wp","href":"https:\/\/api.w.org\/{rel}","templated":true}]}}