{"id":7434,"date":"2016-06-06T08:58:16","date_gmt":"2016-06-06T06:58:16","guid":{"rendered":"http:\/\/www.ortarzo.it\/?p=7434"},"modified":"2018-02-25T15:31:11","modified_gmt":"2018-02-25T14:31:11","slug":"in-val-malene-inizia-estate","status":"publish","type":"post","link":"https:\/\/www.ortarzo.it\/en\/2016\/06\/in-val-malene-inizia-estate\/","title":{"rendered":"In Val Malene inizia l&#8217;estate"},"content":{"rendered":"<p>Il nostro medagliere alla Coppa Italia Long di ieri in Val Malene\u00a0conta un oro, due bronzi e un legno: il nostro presidente vince in M40, Jessica Lucchetta ottiene un&#8217;ottimo terzo posto in W20, Loris D&#8217;Errico \u00e8 terzo in MA e infine Stefano Viel rimane fuori dal podio per soli tre minuti. Qui sotto tutti i nostri risultati:<\/p>\n<table style=\"border-collapse: collapse; width: 100%;\" border=\"0\" cellspacing=\"0\" cellpadding=\"0\">\n<colgroup>\n<col style=\"width: 48pt;\" span=\"3\" width=\"64\" \/> <\/colgroup>\n<tbody>\n<tr style=\"height: 24px;\">\n<td style=\"height: 24px; width: 40px; text-align: left;\" align=\"right\">1<\/td>\n<td style=\"width: 49px; height: 24px;\">M40<\/td>\n<td style=\"width: 281px; height: 24px;\">PIN Roland<\/td>\n<\/tr>\n<tr style=\"height: 24px;\">\n<td style=\"height: 24px; width: 40px; text-align: left;\" align=\"right\">3<\/td>\n<td style=\"width: 49px; height: 24px;\">MA<\/td>\n<td style=\"width: 281px; height: 24px;\">D&#8217;ERRICO Loris Gioele<\/td>\n<\/tr>\n<tr style=\"height: 24px;\">\n<td style=\"height: 24px; width: 40px; text-align: left;\" align=\"right\">3<\/td>\n<td style=\"width: 49px; height: 24px;\">W20<\/td>\n<td style=\"width: 281px; height: 24px;\">LUCCHETTA Jessica<\/td>\n<\/tr>\n<tr style=\"height: 24px;\">\n<td style=\"height: 24px; width: 40px; text-align: left;\" align=\"right\">4<\/td>\n<td style=\"width: 49px; height: 24px;\">M16<\/td>\n<td style=\"width: 281px; height: 24px;\">VIEL Stefano<\/td>\n<\/tr>\n<tr style=\"height: 24px;\">\n<td style=\"height: 24px; width: 40px; text-align: left;\" align=\"right\">6<\/td>\n<td style=\"width: 49px; height: 24px;\">DIR<\/td>\n<td style=\"width: 281px; height: 24px;\">BAGGIO Renato<\/td>\n<\/tr>\n<tr style=\"height: 24px;\">\n<td style=\"height: 24px; width: 40px; text-align: left;\" align=\"right\">6<\/td>\n<td style=\"width: 49px; height: 24px;\">M65<\/td>\n<td style=\"width: 281px; height: 24px;\">PIN Luigi<\/td>\n<\/tr>\n<tr style=\"height: 24px;\">\n<td style=\"height: 24px; width: 40px; text-align: left;\" align=\"right\">6<\/td>\n<td style=\"width: 49px; height: 24px;\">W18<\/td>\n<td style=\"width: 281px; height: 24px;\">VANZELLA Benedetta<\/td>\n<\/tr>\n<tr style=\"height: 24px;\">\n<td style=\"height: 24px; width: 40px; text-align: left;\" align=\"right\">6<\/td>\n<td style=\"width: 49px; height: 24px;\">W65<\/td>\n<td style=\"width: 281px; height: 24px;\">VENDRAME Pierina<\/td>\n<\/tr>\n<tr style=\"height: 24px;\">\n<td style=\"height: 24px; width: 40px; text-align: left;\" align=\"right\">7<\/td>\n<td style=\"width: 49px; height: 24px;\">M14<\/td>\n<td style=\"width: 281px; height: 24px;\">BERNARDI Matteo<\/td>\n<\/tr>\n<tr style=\"height: 24px;\">\n<td style=\"height: 24px; width: 40px; text-align: left;\" align=\"right\">7<\/td>\n<td style=\"width: 49px; height: 24px;\">M18<\/td>\n<td style=\"width: 281px; height: 24px;\">DE BIASI Alessandro<\/td>\n<\/tr>\n<tr style=\"height: 24px;\">\n<td style=\"height: 24px; width: 40px; text-align: left;\" align=\"right\">8<\/td>\n<td style=\"width: 49px; height: 24px;\">M12<\/td>\n<td style=\"width: 281px; height: 24px;\">DE MARTIN Enrico<\/td>\n<\/tr>\n<tr style=\"height: 24px;\">\n<td style=\"height: 24px; width: 40px; text-align: left;\" align=\"right\">11<\/td>\n<td style=\"width: 49px; height: 24px;\">M20<\/td>\n<td style=\"width: 281px; height: 24px;\">DE NONI Alessandro<\/td>\n<\/tr>\n<tr style=\"height: 24px;\">\n<td style=\"height: 24px; width: 40px; text-align: left;\" align=\"right\">11<\/td>\n<td style=\"width: 49px; height: 24px;\">ESO<\/td>\n<td style=\"width: 281px; height: 24px;\">TOMBOLATO Fiorella<\/td>\n<\/tr>\n<tr style=\"height: 24px;\">\n<td style=\"height: 24px; width: 40px; text-align: left;\" align=\"right\">11<\/td>\n<td style=\"width: 49px; height: 24px;\">M16<\/td>\n<td style=\"width: 281px; height: 24px;\">TONETTO Marco<\/td>\n<\/tr>\n<tr style=\"height: 24px;\">\n<td style=\"height: 24px; width: 40px; text-align: left;\" align=\"right\">13<\/td>\n<td style=\"width: 49px; height: 24px;\">M14<\/td>\n<td style=\"width: 281px; height: 24px;\">PICCIN Federico<\/td>\n<\/tr>\n<tr style=\"height: 24px;\">\n<td style=\"height: 24px; width: 40px; text-align: left;\" align=\"right\">15<\/td>\n<td style=\"width: 49px; height: 24px;\">M65<\/td>\n<td style=\"width: 281px; height: 24px;\">BERNARDI Silvano<\/td>\n<\/tr>\n<tr style=\"height: 24px;\">\n<td style=\"height: 24px; width: 40px; text-align: left;\" align=\"right\">19<\/td>\n<td style=\"width: 49px; height: 24px;\">M60<\/td>\n<td style=\"width: 281px; height: 24px;\">DE MARTIN Diego<\/td>\n<\/tr>\n<tr style=\"height: 24px;\">\n<td style=\"height: 24px; width: 40px; text-align: left;\" align=\"right\">24<\/td>\n<td style=\"width: 49px; height: 24px;\">M16<\/td>\n<td style=\"width: 281px; height: 24px;\">PAVETTA Riccardo<\/td>\n<\/tr>\n<tr style=\"height: 24px;\">\n<td style=\"height: 24px; width: 40px; text-align: left;\" align=\"right\">26<\/td>\n<td style=\"width: 49px; height: 24px;\">M50<\/td>\n<td style=\"width: 281px; height: 24px;\">ZANATTA Walter<\/td>\n<\/tr>\n<tr style=\"height: 24px;\">\n<td style=\"height: 24px; width: 40px; text-align: left;\" align=\"right\">33<\/td>\n<td style=\"width: 49px; height: 24px;\">M16<\/td>\n<td style=\"width: 281px; height: 24px;\">SPIRONELLI Riccardo<\/td>\n<\/tr>\n<\/tbody>\n<\/table>\n<p>Con questa gara\u00a0si \u00e8 chiusa la prima parte della stagione agonistica che riprender\u00e0 dopo la pausa estiva, infatti per completare il circuito Coppa Italia mancano ancora\u00a03 tappe. Una per specialit\u00e0:<\/p>\n<ul>\n<li>24 settembre: Sgonico (TS) (long)<\/li>\n<li>23 ottobre: Monte Beigua (SV) (middle)<\/li>\n<li>12 novembre: San Gimignano (SI) (sprint)<\/li>\n<\/ul>\n<p>Invece per lo\u00a0Sprint Race Tour\u00a0ne mancano solo due:<\/p>\n<ul>\n<li>12 novembre: San Gimignano (SI)<\/li>\n<li>13 novembre: Siena<\/li>\n<\/ul>\n<p>In vista della pausa estiva analizziamo le classifiche nei vari circuiti nazionali. Iniziando con il <a href=\"http:\/\/www.fiso.it\/class_lista_societa.php?a=2016&amp;c=CITA&amp;d=CO&amp;cat=GIOVANILE\"><strong>Campionato Italiano di societ\u00e0\u00a0giovanile<\/strong><\/a> vediamo l&#8217;OrTarzo in quarta posizione dopo Pavione, Primiero e Galilei. Dopo uno strepitoso inizio di stagione che ci vedeva in seconda posizione (complici le prime gare nazionali che erano &#8220;in casa&#8221;) ci eravamo poi assestati in terza posizione davanti al Galilei. Purtroppo l&#8217;ultimo weekend non abbiamo particolarmente brillato, soprattutto con la gara sprint di Borgo Valsugana: dobbiamo lavorare per tornare sul podio! In questo potrebbe aiutarci Erik che dopo un anno in Svezia sta per tornare: metter\u00e0\u00a0tutti in riga!<\/p>\n<p>Nella classifica di <a href=\"http:\/\/www.fiso.it\/class_lista_atleti.php?a=2016&amp;c=CITA&amp;d=CO\"><strong>Coppa Italia<\/strong><\/a> individuale abbiamo un po&#8217; di atleti con aspirazioni da podio. In M14\u00a0Matteo Bernardi\u00a0\u00e8\u00a0attualmente in sesta\u00a0posizione,\u00a0in M16 Stefano Viel paga la punzonatura errata di sabato a Borgo e scende dalla terza alla quarta\u00a0posizione.\u00a0In W18 Benedetta Vanzella\u00a0\u00e8 quarta ma a soli 7 punti dalla prima.\u00a0In W20 Elena Bernardi si era riuscita a classificare in quinta posizione ma gli\u00a0esami di maturit\u00e0 incombenti l&#8217;hanno costretta a uno stop in quest&#8217;ultimo weekend e cos\u00ec adesso \u00e8 nona. Recupera invece Jessica Lucchetta che passa dalla settima posizione alla\u00a0terza posizione. Fra i master segnaliamo Roland attualmente leader della categoria M40.<\/p>\n<p>Passando allo <a href=\"http:\/\/www.fiso.it\/class_lista_atleti.php?a=2016&amp;c=TNCS&amp;d=CO\"><strong>Sprint Race Tour<\/strong><\/a> la classifica deve ancora essere ricalcolata ma \u00e8\u00a0probabile che in M16 Stefano Viel abbia perso la quarta posizione\u00a0(sempre a causa della gara di sabato: mai punzonatura errata fu pagata pi\u00f9 cara). In M20 Alessandro De Noni dovrebbe essere nella top five come anche Jessica Lucchetta in\u00a0W20.<\/p>\n<p><img loading=\"lazy\" decoding=\"async\" class=\"alignright size-full wp-image-7317\" src=\"http:\/\/files.ortarzo.it\/2016\/05\/night-hawk.jpeg\" alt=\"night-hawk\" width=\"200\" height=\"200\" srcset=\"https:\/\/files.ortarzo.it\/2016\/05\/night-hawk.jpeg 200w, https:\/\/files.ortarzo.it\/2016\/05\/night-hawk-150x150.jpeg 150w, https:\/\/files.ortarzo.it\/2016\/05\/night-hawk-110x110.jpeg 110w\" sizes=\"auto, (max-width: 200px) 100vw, 200px\" \/>Domenica prossima Tour Trevigiano in <a href=\"http:\/\/www.fiso.it\/gara\/201686\">Cansiglio <\/a>(Valsalega) e il 26 giugno a <a href=\"https:\/\/www.ortarzo.it\/gara\/pian-de-le-femene-2016\/\">Pian de le Femene<\/a>.\u00a0La notte fra il 25 e il 26 giugno si correr\u00e0 a Passo Coe la Night Hawk Italy, una gara simil-staffetta con 4 frazioni in notturna (con partenza in massa) e 4 frazioni in diurna (con partenza a caccia). Noi abbiamo schierato (per il momento) una staffetta cos\u00ec composta:<\/p>\n<table style=\"width: 369px;\">\n<tbody>\n<tr>\n<td style=\"width: 112px;\"><strong>1\u00b0 Notturna<\/strong><\/td>\n<td style=\"width: 204px;\">Federico Venezian<\/td>\n<\/tr>\n<tr>\n<td style=\"width: 112px;\"><strong>2\u00b0 Notturna<\/strong><\/td>\n<td style=\"width: 204px;\">Alessandro De Noni<\/td>\n<\/tr>\n<tr>\n<td style=\"width: 112px;\"><strong>3\u00b0 Notturna<\/strong><\/td>\n<td style=\"width: 204px;\">Erik Nielsen<\/td>\n<\/tr>\n<tr>\n<td style=\"width: 112px;\"><strong>4\u00b0 Notturna<\/strong><\/td>\n<td style=\"width: 204px;\">Roland Pin<\/td>\n<\/tr>\n<tr>\n<td style=\"width: 112px;\"><strong>1\u00b0 Diurna<\/strong><\/td>\n<td style=\"width: 204px;\">Enrico De Noni<\/td>\n<\/tr>\n<tr>\n<td style=\"width: 112px;\"><strong>2\u00b0 Diurna<\/strong><\/td>\n<td style=\"width: 204px;\">Federico Venezian<\/td>\n<\/tr>\n<tr>\n<td style=\"width: 112px;\"><strong>3\u00b0 Diurna<\/strong><\/td>\n<td style=\"width: 204px;\">Erik Nielsen<\/td>\n<\/tr>\n<tr>\n<td style=\"width: 112px;\"><strong>4\u00b0 Diurna<\/strong><\/td>\n<td style=\"width: 204px;\">Alessandro De Noni<\/td>\n<\/tr>\n<\/tbody>\n<\/table>\n<p><img loading=\"lazy\" decoding=\"async\" class=\"alignright size-full wp-image-7439\" src=\"http:\/\/files.ortarzo.it\/2016\/06\/5daysitaly2016.jpg\" alt=\"5daysitaly2016\" width=\"198\" height=\"155\" srcset=\"https:\/\/files.ortarzo.it\/2016\/06\/5daysitaly2016.jpg 198w, https:\/\/files.ortarzo.it\/2016\/06\/5daysitaly2016-141x110.jpg 141w\" sizes=\"auto, (max-width: 198px) 100vw, 198px\" \/><\/p>\n<p>A luglio iniziano le gare a pi\u00f9 giorni, noi abbiamo deciso di iscriverci alla <a href=\"http:\/\/www.5daysitaly.it\">5 Days of Italy<\/a> che si correr\u00e0 nell&#8217;altopiano del Tesino. Ecco i nostri partecipanti:<\/p>\n<table style=\"width: 38.6667%;\">\n<tbody>\n<tr style=\"height: 24px;\">\n<td style=\"height: 24px; width: 27%;\">Roland Pin<\/td>\n<td style=\"height: 24px; width: 10%;\">M 40<\/td>\n<\/tr>\n<tr style=\"height: 24px;\">\n<td style=\"height: 24px; width: 27%;\">Marco Tonetto<\/td>\n<td style=\"height: 24px; width: 10%;\">M 16<\/td>\n<\/tr>\n<tr style=\"height: 24px;\">\n<td style=\"height: 24px; width: 27%;\">Alessandro De Biasi<\/td>\n<td style=\"height: 24px; width: 10%;\">M 18<\/td>\n<\/tr>\n<tr style=\"height: 24px;\">\n<td style=\"height: 24px; width: 27%;\">Riccardo Pavetta<\/td>\n<td style=\"height: 24px; width: 10%;\">M 16<\/td>\n<\/tr>\n<tr style=\"height: 24px;\">\n<td style=\"height: 24px; width: 27%;\">Riccardo Spironelli<\/td>\n<td style=\"height: 24px; width: 10%;\">M 16<\/td>\n<\/tr>\n<tr style=\"height: 24px;\">\n<td style=\"height: 24px; width: 27%;\">Elia Vettorel<\/td>\n<td style=\"height: 24px; width: 10%;\">M B<\/td>\n<\/tr>\n<tr style=\"height: 24px;\">\n<td style=\"height: 24px; width: 27%;\">Alessandro De Noni<\/td>\n<td style=\"height: 24px; width: 10%;\">M Elite<\/td>\n<\/tr>\n<tr style=\"height: 24px;\">\n<td style=\"height: 24px; width: 27%;\">Enrico De Noni<\/td>\n<td style=\"height: 24px; width: 10%;\">M Elite<\/td>\n<\/tr>\n<tr style=\"height: 24px;\">\n<td style=\"height: 24px; width: 27%;\">Erik Nielsen<\/td>\n<td style=\"height: 24px; width: 10%;\">M Elite<\/td>\n<\/tr>\n<tr style=\"height: 24px;\">\n<td style=\"height: 24px; width: 27%;\">Matteo Bernardi<\/td>\n<td style=\"height: 24px; width: 10%;\">M 14<\/td>\n<\/tr>\n<tr style=\"height: 24px;\">\n<td style=\"height: 24px; width: 27%;\">Alessandro Citron<\/td>\n<td style=\"height: 24px; width: 10%;\">M 14<\/td>\n<\/tr>\n<tr style=\"height: 24px;\">\n<td style=\"height: 24px; width: 27%;\">Federico Piccin<\/td>\n<td style=\"height: 24px; width: 10%;\">M 14<\/td>\n<\/tr>\n<tr style=\"height: 24px;\">\n<td style=\"height: 24px; width: 27%;\">Matilde Pin<\/td>\n<td style=\"height: 24px; width: 10%;\">W 12<\/td>\n<\/tr>\n<\/tbody>\n<\/table>\n<p>&nbsp;<\/p>\n","protected":false},"excerpt":{"rendered":"<p>Il nostro medagliere alla Coppa Italia Long di ieri in Val Malene\u00a0conta un oro, due bronzi e un legno: il nostro presidente vince in M40, Jessica Lucchetta ottiene un&#8217;ottimo terzo posto in W20, Loris D&#8217;Errico \u00e8 terzo in MA e infine Stefano Viel rimane fuori dal podio per soli tre minuti. Qui sotto tutti i [&hellip;]<\/p>\n","protected":false},"author":26,"featured_media":7444,"comment_status":"closed","ping_status":"open","sticky":false,"template":"","format":"standard","meta":{"footnotes":""},"categories":[1],"tags":[],"class_list":["post-7434","post","type-post","status-publish","format-standard","has-post-thumbnail","hentry","category-articoli"],"_links":{"self":[{"href":"https:\/\/www.ortarzo.it\/en\/wp-json\/wp\/v2\/posts\/7434","targetHints":{"allow":["GET"]}}],"collection":[{"href":"https:\/\/www.ortarzo.it\/en\/wp-json\/wp\/v2\/posts"}],"about":[{"href":"https:\/\/www.ortarzo.it\/en\/wp-json\/wp\/v2\/types\/post"}],"author":[{"embeddable":true,"href":"https:\/\/www.ortarzo.it\/en\/wp-json\/wp\/v2\/users\/26"}],"replies":[{"embeddable":true,"href":"https:\/\/www.ortarzo.it\/en\/wp-json\/wp\/v2\/comments?post=7434"}],"version-history":[{"count":5,"href":"https:\/\/www.ortarzo.it\/en\/wp-json\/wp\/v2\/posts\/7434\/revisions"}],"predecessor-version":[{"id":9024,"href":"https:\/\/www.ortarzo.it\/en\/wp-json\/wp\/v2\/posts\/7434\/revisions\/9024"}],"wp:featuredmedia":[{"embeddable":true,"href":"https:\/\/www.ortarzo.it\/en\/wp-json\/wp\/v2\/media\/7444"}],"wp:attachment":[{"href":"https:\/\/www.ortarzo.it\/en\/wp-json\/wp\/v2\/media?parent=7434"}],"wp:term":[{"taxonomy":"category","embeddable":true,"href":"https:\/\/www.ortarzo.it\/en\/wp-json\/wp\/v2\/categories?post=7434"},{"taxonomy":"post_tag","embeddable":true,"href":"https:\/\/www.ortarzo.it\/en\/wp-json\/wp\/v2\/tags?post=7434"}],"curies":[{"name":"wp","href":"https:\/\/api.w.org\/{rel}","templated":true}]}}