{"id":14831,"date":"2025-08-25T21:26:40","date_gmt":"2025-08-25T19:26:40","guid":{"rendered":"https:\/\/www.ortarzo.it\/?p=14831"},"modified":"2025-10-21T22:42:28","modified_gmt":"2025-10-21T20:42:28","slug":"i-nostri-master-ai-mondiali-in-spagna","status":"publish","type":"post","link":"https:\/\/www.ortarzo.it\/en\/2025\/08\/i-nostri-master-ai-mondiali-in-spagna\/","title":{"rendered":"I NOSTRI MASTER AI MONDIALI IN SPAGNA"},"content":{"rendered":"<p>Anche quest&#8217;anno l&#8217;Orienteering Tarzo \u00e8 stato rappresentato da alcuni dei nostri atleti ai <strong>WMOC 2025<\/strong> (World Masters Orienteering Championships), pi\u00f9 semplicemente &#8220;Mondiali per Veterani&#8221; che si tengono ogni anno in una diversa nazione del mondo.<\/p>\n<p>A guidare la truppa ci hanno pensato <strong>Raffaela Paset<\/strong>, <strong>Francesca Uliana<\/strong>\u00a0e <strong>Mauro De Nadai<\/strong> volati in Catalogna, pi\u00f9 precisamente a Girona, per cercare di portare a casa qualche buon piazzamento nelle gare Sprint e Forest in programma. Li hanno seguiti anche <strong>Sandro Comarella<\/strong>, <strong>Fausto Carlet<\/strong> e per le gare in bosco \u00e8 arrivato anche <strong>Roland Pin<\/strong>, lui s\u00ec a caccia di un buon piazzamento mondiale. Alle gare di contorno alla manifestazione, la Costa Brava Cup, hanno partecipato <strong>Francesco Comarella<\/strong>, <strong>Anna<\/strong> e <strong>Andrea Carlet<\/strong>.<\/p>\n<p>Volati da Venezia a Barcellona il venerd\u00ec mattina, alloggiati in un bel appartamento in aperta campagna a pochi chilometri dalla costa e con un presidente-cuoco d&#8217;eccezione (Francesco Bazan), si parte subito sabato mattina con la qualifica sprint in centro a Girona. Oltre al gruppo del Tarzo sono presenti altri italiani tra cui un bel gruppo dell&#8217; Orienteering Treviso (Leonardo Bortolato e Simone Celato), Lisa Galvan (Mareno), Tommaso Peretto (Misquilenses) e Roberto Larotella (Cai XXX Ottobre).<\/p>\n<p><img loading=\"lazy\" decoding=\"async\" class=\"aligncenter size-full wp-image-14870\" src=\"https:\/\/files.ortarzo.it\/2025\/08\/WMOC2025-gruppo-Veneto.jpeg.jpg\" alt=\"\" width=\"800\" height=\"501\" srcset=\"https:\/\/files.ortarzo.it\/2025\/08\/WMOC2025-gruppo-Veneto.jpeg.jpg 800w, https:\/\/files.ortarzo.it\/2025\/08\/WMOC2025-gruppo-Veneto.jpeg-300x188.jpg 300w, https:\/\/files.ortarzo.it\/2025\/08\/WMOC2025-gruppo-Veneto.jpeg-768x481.jpg 768w, https:\/\/files.ortarzo.it\/2025\/08\/WMOC2025-gruppo-Veneto.jpeg-176x110.jpg 176w\" sizes=\"auto, (max-width: 800px) 100vw, 800px\" \/><\/p>\n<p>A Girona il terreno \u00e8 molto tecnico e ricco di particolari disegnato in scala 1:3000; nella parte iniziale i punti erano posizionati sulle mura dell&#8217;antico castello con suggestiva vista sull&#8217;intera citt\u00e0, poi gi\u00f9 in picchiata tra le stradine strette della citt\u00e0 vecchia, scale in salita e in discesa, vicoletti, passaggi stretti. Cervello e gambe a tutta per riuscire ad agguantare la qualificazione per la prestigiosa finale A di categoria. Qualificazione raggiunta per Raffaela in W50 e Mauro in M45 che si classificano rispettivamente al 21\u00b0 e 23\u00b0 posto. Francesca in W45 accuser\u00e0 in queste gare un dolore al ginocchio per un precedente infortunio e quindi non potr\u00e0 dare il massimo soprattutto nelle gare pi\u00f9 lunghe e fisicamente impegnative.<\/p>\n<p>La finale Sprint di domenica partiva dal basso per poi salire tra le mura della citt\u00e0 e passaggi strettissimi nei giardini e parchi pubblici. Simpatico vedere una marea di master, ogniuno con la propria velocit\u00e0, zizzagare di qua e di l\u00e0 in cerca delle lanterne e dell&#8217; ombra dei palazzi; le due gare sono state caratterizzate da un gran caldo. Raffaela e Mauro si classificano nelle rispettive categoria al 29\u00b0 e 39\u00b0 posto. Francesca invece \u00e8 3<sup>a<\/sup> nella finale B.<\/p>\n<p><img loading=\"lazy\" decoding=\"async\" class=\"aligncenter size-full wp-image-14871\" src=\"https:\/\/files.ortarzo.it\/2025\/08\/WMOC2025-Sprint-Final.jpg\" alt=\"\" width=\"565\" height=\"800\" srcset=\"https:\/\/files.ortarzo.it\/2025\/08\/WMOC2025-Sprint-Final.jpg 565w, https:\/\/files.ortarzo.it\/2025\/08\/WMOC2025-Sprint-Final-212x300.jpg 212w, https:\/\/files.ortarzo.it\/2025\/08\/WMOC2025-Sprint-Final-78x110.jpg 78w\" sizes=\"auto, (max-width: 565px) 100vw, 565px\" \/><\/p>\n<p>Si passa a marted\u00ec, arriva il bosco e Roland (M50) si aggiunge alla comitiva. La qualifica si corre in una pineta, a Pals, a pochi chilometri dal mare, con fondo sabbioso, lento e sottobosco da sporco a molto sporco. Tracciati da middle-long, fisicamente molto impegnativi. Anche qui obbiettivo la qualifica per la Finale A Middle del giorno dopo. Roland (19\u00b0), Raffaela (23<sup>a<\/sup>) e Francesca (36<sup>a<\/sup>) passano indenni: Mauro (29\u00b0) per poche posizioni si dovr\u00e0 accontentare della Finale B.<\/p>\n<p>Il Mercoled\u00ec di ritorna nello stesso bosco per la Finale Middle. Buono il risultato per Roland (22\u00b0) che arriva con soli 9 minuti di ritardo rispe<span style=\"color: #000000;\">tto al vincitore <a id=\"p13213\" style=\"color: #000000;\" href=\"https:\/\/eventor.orienteering.org\/Athletes\/Details\/13213\">Mikhail Mamleev<\/a>,<\/span> ex Campione del Mondo ed ex ct della Nazionale Azzurra. Raffaela e Francesca sono 45<sup>a<\/sup> e 36<sup>a<\/sup> nelle rispettive categorie. Per Mauro c&#8217;era la speranza di un ripescaggio per la Finale A Long del venerd\u00ec: arrivando entro i primi 5 si passa di diritto alla Finale Long mondiale per eccellenza. Insieme ai compagni di sventura Roberto e Tommaso hanno tentato il tutto per tutto riuscendo nell&#8217;impresa; una gara studiata a tavolino con un unica grande strategia: tirare a tutta senza commettere grossi errori: 2\u00b0 Roberto, 4\u00b0 Mauro e 5\u00b0 Tommaso: tutti ripescati!<\/p>\n<p><img loading=\"lazy\" decoding=\"async\" class=\"aligncenter size-full wp-image-14873\" src=\"https:\/\/files.ortarzo.it\/2025\/08\/WMOC2025-MIddle-Final.jpg\" alt=\"\" width=\"563\" height=\"800\" srcset=\"https:\/\/files.ortarzo.it\/2025\/08\/WMOC2025-MIddle-Final.jpg 563w, https:\/\/files.ortarzo.it\/2025\/08\/WMOC2025-MIddle-Final-211x300.jpg 211w, https:\/\/files.ortarzo.it\/2025\/08\/WMOC2025-MIddle-Final-77x110.jpg 77w\" sizes=\"auto, (max-width: 563px) 100vw, 563px\" \/><\/p>\n<p>Si arriva al venerd\u00ec, scenario il terreno ripido di Cass\u00e0 de la Selva. Long da prendere con calma per riuscire ad arrivare indenni fino all&#8217;ultimo punto di controllo. Molto fisica anche questa gara condizionata dal caldo e dal terreno a tratti sabbioso e polveroso; Roland riesce a giocarsela abbastanza bene ma gli M50 vanno veramente forte: arriver\u00e0 al traguardo con il 16\u00b0 tempo. Anche Mauro si comporta benissimo e nella sua prima Finale Mondiale Forest riesce ad arrivare addirittura 24\u00b0; bene anche Raffaela che arriva 33<sup>a<\/sup> e Francesca 38<sup>a<\/sup>.<\/p>\n<p><img loading=\"lazy\" decoding=\"async\" class=\"aligncenter size-full wp-image-14878\" src=\"https:\/\/files.ortarzo.it\/2025\/08\/WMOC2025-Final-Long-1.jpg\" alt=\"\" width=\"418\" height=\"600\" srcset=\"https:\/\/files.ortarzo.it\/2025\/08\/WMOC2025-Final-Long-1.jpg 418w, https:\/\/files.ortarzo.it\/2025\/08\/WMOC2025-Final-Long-1-209x300.jpg 209w, https:\/\/files.ortarzo.it\/2025\/08\/WMOC2025-Final-Long-1-77x110.jpg 77w\" sizes=\"auto, (max-width: 418px) 100vw, 418px\" \/><img loading=\"lazy\" decoding=\"async\" class=\"aligncenter size-full wp-image-14877\" src=\"https:\/\/files.ortarzo.it\/2025\/08\/WMOC2025-Final-Long-2.jpg\" alt=\"\" width=\"419\" height=\"600\" srcset=\"https:\/\/files.ortarzo.it\/2025\/08\/WMOC2025-Final-Long-2.jpg 419w, https:\/\/files.ortarzo.it\/2025\/08\/WMOC2025-Final-Long-2-210x300.jpg 210w, https:\/\/files.ortarzo.it\/2025\/08\/WMOC2025-Final-Long-2-77x110.jpg 77w\" sizes=\"auto, (max-width: 419px) 100vw, 419px\" \/><\/p>\n<p>Si guarda gi\u00e0 ai prossimi anni con un Mondiale in Polonia nel 2026 e addirittura in Giappone nel 2027, qualcuno sta gi\u00e0 pensando ad alloggio e volo aereo&#8230;<\/p>\n<hr \/>\n<p>Le gare di questo Mondiale Master purtroppo sono state vissute con l&#8217;angoscia per le notizie che arrivavano dalla Cina e riguardavano le condizioni di Mattia Debertolis. La IOF, nella serata della premiazione della finale Middle, ci ha concesso di celebrare un ricordo per Mattia, una breve ma significativa commemorazione dove Francesco Comarella e Francesco Bazan hanno portato la bandiera italiana sul palco insieme a <span style=\"color: #000000;\">Mikhail Mamleev, suo ex allenatore in Nazionale<\/span>. Mattia ha corso e correr\u00e0 sempre con noi nei boschi di tutto il mondo, ciao Mattia.<\/p>\n<p><img loading=\"lazy\" decoding=\"async\" class=\"aligncenter size-full wp-image-14880\" src=\"https:\/\/files.ortarzo.it\/2025\/08\/WMOC2025-Mattia.jpg\" alt=\"\" width=\"400\" height=\"600\" srcset=\"https:\/\/files.ortarzo.it\/2025\/08\/WMOC2025-Mattia.jpg 400w, https:\/\/files.ortarzo.it\/2025\/08\/WMOC2025-Mattia-200x300.jpg 200w, https:\/\/files.ortarzo.it\/2025\/08\/WMOC2025-Mattia-73x110.jpg 73w\" sizes=\"auto, (max-width: 400px) 100vw, 400px\" \/><\/p>\n<p>&nbsp;<\/p>\n<p>&nbsp;<\/p>\n","protected":false},"excerpt":{"rendered":"<p>Anche quest&#8217;anno l&#8217;Orienteering Tarzo \u00e8 stato rappresentato da alcuni dei nostri atleti ai WMOC 2025 (World Masters Orienteering Championships), pi\u00f9 semplicemente &#8220;Mondiali per Veterani&#8221; che si tengono ogni anno in una diversa nazione del mondo. A guidare la truppa ci hanno pensato Raffaela Paset, Francesca Uliana\u00a0e Mauro De Nadai volati in Catalogna, pi\u00f9 precisamente a [&hellip;]<\/p>\n","protected":false},"author":42,"featured_media":14834,"comment_status":"closed","ping_status":"open","sticky":false,"template":"","format":"standard","meta":{"footnotes":""},"categories":[1],"tags":[],"class_list":["post-14831","post","type-post","status-publish","format-standard","has-post-thumbnail","hentry","category-articoli"],"_links":{"self":[{"href":"https:\/\/www.ortarzo.it\/en\/wp-json\/wp\/v2\/posts\/14831","targetHints":{"allow":["GET"]}}],"collection":[{"href":"https:\/\/www.ortarzo.it\/en\/wp-json\/wp\/v2\/posts"}],"about":[{"href":"https:\/\/www.ortarzo.it\/en\/wp-json\/wp\/v2\/types\/post"}],"author":[{"embeddable":true,"href":"https:\/\/www.ortarzo.it\/en\/wp-json\/wp\/v2\/users\/42"}],"replies":[{"embeddable":true,"href":"https:\/\/www.ortarzo.it\/en\/wp-json\/wp\/v2\/comments?post=14831"}],"version-history":[{"count":44,"href":"https:\/\/www.ortarzo.it\/en\/wp-json\/wp\/v2\/posts\/14831\/revisions"}],"predecessor-version":[{"id":14986,"href":"https:\/\/www.ortarzo.it\/en\/wp-json\/wp\/v2\/posts\/14831\/revisions\/14986"}],"wp:featuredmedia":[{"embeddable":true,"href":"https:\/\/www.ortarzo.it\/en\/wp-json\/wp\/v2\/media\/14834"}],"wp:attachment":[{"href":"https:\/\/www.ortarzo.it\/en\/wp-json\/wp\/v2\/media?parent=14831"}],"wp:term":[{"taxonomy":"category","embeddable":true,"href":"https:\/\/www.ortarzo.it\/en\/wp-json\/wp\/v2\/categories?post=14831"},{"taxonomy":"post_tag","embeddable":true,"href":"https:\/\/www.ortarzo.it\/en\/wp-json\/wp\/v2\/tags?post=14831"}],"curies":[{"name":"wp","href":"https:\/\/api.w.org\/{rel}","templated":true}]}}