{"id":14701,"date":"2025-06-04T21:35:09","date_gmt":"2025-06-04T19:35:09","guid":{"rendered":"https:\/\/www.ortarzo.it\/?p=14701"},"modified":"2025-08-12T22:42:18","modified_gmt":"2025-08-12T20:42:18","slug":"la-coppa-italia-premia-riccardo-granzotto-convocazione-in-nazionale-per-i-jwoc","status":"publish","type":"post","link":"https:\/\/www.ortarzo.it\/en\/2025\/06\/la-coppa-italia-premia-riccardo-granzotto-convocazione-in-nazionale-per-i-jwoc\/","title":{"rendered":"LA COPPA ITALIA PREMIA RICCARDO GRANZOTTO, CONVOCAZIONE IN NAZIONALE PER I JWOC"},"content":{"rendered":"<p>In molti la pronosticavano e in moltissimi ci credevano; <em><strong>Riccardo Granzotto<\/strong><\/em> far\u00e0 parte della selezione azzurra che parteciper\u00e0 ai <em><strong>JWOC<\/strong> <\/em>(Junior World Orienteering Championships) che si svolgeranno in casa in Italia (Altopiano di Pin\u00e8 e Valsugana) tra fine giugno e primi di luglio.<\/p>\n<p>Una bella sorpresa, dopo la recente convocazione di <em><strong>Lorenzo De Biasi<\/strong><\/em> e l&#8217;oramai assoluta certezza di <em><strong>Maddalena De Biasi<\/strong><\/em> nella Nazionale maggiore. Nel weekend l&#8217;Ortarzo, con il suo carico di atleti (eravamo ben in 43 iscritti) ha partecipato alle gare di Coppa Italia Sprint a Mezzano (TN) e Coppa Italia Long a Passo Cereda (TN). Il Primiero, con i suoi centri storici intricati e i suoi boschi in costante pendenza, ha fatto da cornice alle selezioni per la scelta dei candidati Junior a vestire la maglia azzurra al prossimo mondiale. Riccardo si \u00e8 fatto trovare pronto agli occhi dei CT Stefano Raus ed Emiliano Corona; nella gara Sprint di sabato \u00e8 arrivato al 4\u00b0 posto tra gli italiani, mentre domenica \u00e8 salito al 3\u00b0 posto.<\/p>\n<p>Una domanda per\u00f2 non ci fa dormire sonno tranquilli; ma come avr\u00e0 fatto questo ragazzotto riccio ad arrivare in nazionale dopo solo 4 anni di attivit\u00e0 agonistica?<\/p>\n<p><em>Avresti mai pensato un giorno di correre con la maglia della Nazionale?<\/em><\/p>\n<blockquote><p>Beh, da due anni a questa parte era questo l\u2019obiettivo, prima non ci avevo mai pensato anche perch\u00e9 ho iniziato a fare orienteering 4 anni fa, troppo tardi, avrei voluto conoscere prima questo sport.<\/p><\/blockquote>\n<p><em>Sei sorpreso della convocazione o dentro di te sentivi di valere\u00a0cos\u00ec\u00a0tanto?<\/em><\/p>\n<blockquote><p>Sorpeso no, sapevo di aver fatto delle buone gare di selezione soprattutto nell\u2019ultimo weekend. Era un anno che aspettavo questo momento; dopo la delusione dell\u2019anno scorso quando mi sono infortunato proprio prima delle gare di selezione JWOC 2024, forse non ero ancora pronto. Quest&#8217;anno, dopo una grande preparazione dal punto di vista fisico, sono dovuto stare fermo per quasi un mese per infortunio e ho visto un po\u2019 svanire il sogno. Ho ripreso il prima possibile a correre caricando parecchio, anche negli allenamenti, forse rischiando in po&#8217; ma con l\u2019obiettivo di riprendere un condizione fisica decente. In questo momento non sono ancora al top della forma fisicamente ma la condizione continua a crescere.<\/p><\/blockquote>\n<p><em>Com&#8217;\u00e8 il tuo rapporto con gli altri junior\u00a0italiani?<\/em><\/p>\n<blockquote><p>Mi trovo molto bene soprattutto con la componente maschile, da un anno a questa parte abbiamo fatto tutti i raduni assieme e ci divertiamo molto tra di noi ridendo e scherzando, anche grazie al coach Stefano Raus che ci fa sempre divertire.<\/p><\/blockquote>\n<p><em>Chi ti ha aiutato principalmente in societ\u00e0 e nella tua crescita\u00a0sportiva?<\/em><\/p>\n<blockquote><p>Sicuramente Roland con i suoi allenamenti in bosco, sempre molto tecnici e mirati alle gare da preparare. Nei suoi allenamenti spesso andiamo in zone molto sporche e penso di aver imparato soprattutto qui a correre forte anche in mezzo ai verdi sfondando la vegetazione. Ringrazio anche la societ\u00e0 che mi supporta economicamente facendomi partecipare a tutti i raduni. Importante anche il bellissimo rapporto con Maddalena e Lorenzo che mi hanno sempre dato tanti stimoli per provare a raggiungerli.<\/p><\/blockquote>\n<p>Ecco svelato il mistero! Tanta passione e credere sempre in se stessi, questo il riassunto delle parole di Riccardo e condivise da tutta la Societ\u00e0; grande soddisfazione per il Presidente Edoardo, il Vice Guido, tutto il Consiglio direttivo e i tecnici che nel corso degli anni hanno visto crescere Riccardo come atleta e come uomo.<\/p>\n<p>Ma le sorprese in chiave azzurra non finiscono qui; arriveranno a breve altre bellissime novit\u00e0!<\/p>\n<hr \/>\n<p><img loading=\"lazy\" decoding=\"async\" class=\"aligncenter wp-image-14734\" src=\"https:\/\/files.ortarzo.it\/2025\/06\/LONG-JWOC-25.jpg\" alt=\"\" width=\"500\" height=\"333\" srcset=\"https:\/\/files.ortarzo.it\/2025\/06\/LONG-JWOC-25.jpg 800w, https:\/\/files.ortarzo.it\/2025\/06\/LONG-JWOC-25-300x200.jpg 300w, https:\/\/files.ortarzo.it\/2025\/06\/LONG-JWOC-25-768x512.jpg 768w, https:\/\/files.ortarzo.it\/2025\/06\/LONG-JWOC-25-165x110.jpg 165w\" sizes=\"auto, (max-width: 500px) 100vw, 500px\" \/><\/p>\n<p>Le gare del weekend hanno portato anche qualche soddisfazione ad altri atleti, ad iniziare da <em><strong>Guido Viel<\/strong><\/em> che, nonostante una partenza strampalata \u00e8 riuscito a salire sul 2\u00b0 gradino del podio in M50 nella gara Sprint. Conferma la sua condizione <em><strong>Maddalena De Biasi<\/strong><\/em>, 2<sup>a<\/sup> anche lei in W Elite nella gara Sprint.<\/p>\n<p>Domenica ci ha pensato <em><strong>Roland Pin<\/strong><\/em> a conquistare il 1\u00b0 posto in M50, gara in bosco tecnica e dura come piace a lui. Ottima anche <strong><em>Maddalena De Biasi<\/em> <\/strong>che batte tutte le avversarie e si riconferma miglior atleta italiana del momento vincendo la W Elite. La grinta di <em><strong>Andrea Carlet<\/strong><\/em> lo porta in 3<sup>a<\/sup> posizione in M12, <em><strong>Chiara Sanzovo<\/strong><\/em> vince la categoria WC e <em><strong>Mirko Collodel<\/strong><\/em> \u00e8 3\u00b0 in MB.<\/p>\n<p>Purtroppo domenica siamo tornati a casa un po&#8217; acciaccati, qualche caviglia dolorante, qualche schiena indolenzita, qualche crampo qua e l\u00e0, qualche costola rotta&#8230; Ma sappiamo che il nostro sport \u00e8 fatto di fatica, resistenza, coraggio ma soprattutto tanto divertimento. Il riassunto nella bellissima clip montata da Mirko.<\/p>\n<div style=\"width: 680px;\" class=\"wp-video\"><video class=\"wp-video-shortcode\" id=\"video-14701-1\" width=\"680\" height=\"1209\" preload=\"metadata\" controls=\"controls\"><source type=\"video\/mp4\" src=\"https:\/\/files.ortarzo.it\/2025\/06\/Video-Mezzano-Passo-Cereda.mp4?_=1\" \/><a href=\"https:\/\/files.ortarzo.it\/2025\/06\/Video-Mezzano-Passo-Cereda.mp4\">https:\/\/files.ortarzo.it\/2025\/06\/Video-Mezzano-Passo-Cereda.mp4<\/a><\/video><\/div>\n","protected":false},"excerpt":{"rendered":"<p>In molti la pronosticavano e in moltissimi ci credevano; Riccardo Granzotto far\u00e0 parte della selezione azzurra che parteciper\u00e0 ai JWOC (Junior World Orienteering Championships) che si svolgeranno in casa in Italia (Altopiano di Pin\u00e8 e Valsugana) tra fine giugno e primi di luglio. Una bella sorpresa, dopo la recente convocazione di Lorenzo De Biasi e [&hellip;]<\/p>\n","protected":false},"author":42,"featured_media":14714,"comment_status":"closed","ping_status":"open","sticky":false,"template":"","format":"standard","meta":{"footnotes":""},"categories":[1],"tags":[],"class_list":["post-14701","post","type-post","status-publish","format-standard","has-post-thumbnail","hentry","category-articoli"],"_links":{"self":[{"href":"https:\/\/www.ortarzo.it\/en\/wp-json\/wp\/v2\/posts\/14701","targetHints":{"allow":["GET"]}}],"collection":[{"href":"https:\/\/www.ortarzo.it\/en\/wp-json\/wp\/v2\/posts"}],"about":[{"href":"https:\/\/www.ortarzo.it\/en\/wp-json\/wp\/v2\/types\/post"}],"author":[{"embeddable":true,"href":"https:\/\/www.ortarzo.it\/en\/wp-json\/wp\/v2\/users\/42"}],"replies":[{"embeddable":true,"href":"https:\/\/www.ortarzo.it\/en\/wp-json\/wp\/v2\/comments?post=14701"}],"version-history":[{"count":31,"href":"https:\/\/www.ortarzo.it\/en\/wp-json\/wp\/v2\/posts\/14701\/revisions"}],"predecessor-version":[{"id":14737,"href":"https:\/\/www.ortarzo.it\/en\/wp-json\/wp\/v2\/posts\/14701\/revisions\/14737"}],"wp:featuredmedia":[{"embeddable":true,"href":"https:\/\/www.ortarzo.it\/en\/wp-json\/wp\/v2\/media\/14714"}],"wp:attachment":[{"href":"https:\/\/www.ortarzo.it\/en\/wp-json\/wp\/v2\/media?parent=14701"}],"wp:term":[{"taxonomy":"category","embeddable":true,"href":"https:\/\/www.ortarzo.it\/en\/wp-json\/wp\/v2\/categories?post=14701"},{"taxonomy":"post_tag","embeddable":true,"href":"https:\/\/www.ortarzo.it\/en\/wp-json\/wp\/v2\/tags?post=14701"}],"curies":[{"name":"wp","href":"https:\/\/api.w.org\/{rel}","templated":true}]}}