{"id":13063,"date":"2023-10-11T22:20:49","date_gmt":"2023-10-11T20:20:49","guid":{"rendered":"https:\/\/www.ortarzo.it\/?p=13063"},"modified":"2023-11-17T11:40:06","modified_gmt":"2023-11-17T10:40:06","slug":"emozioni-all-europeo","status":"publish","type":"post","link":"https:\/\/www.ortarzo.it\/en\/2023\/10\/emozioni-all-europeo\/","title":{"rendered":"EMOZIONI ALL&#8217; EUROPEO"},"content":{"rendered":"<p>Occasioni da non perdere, emozioni da portare a casa come bagaglio di un avventura a cui hai partecipato come atleta, organizzatore o semplice spettatore. Questi sono stati gli &#8220;<span style=\"color: #ff9900;\"><strong>European Orienteering Championships 2023<\/strong><\/span>&#8220;, nella settimana dal 1\u00b0 all&#8217; 8 ottobre tra Verona, Soave e Vicenza.<\/p>\n<hr \/>\n<p>Non ci sono gare senza gli atleti e nel folto gruppo della Nazionale Italiana spiccavano le nostre compagne di squadra, <strong>Jessica Lucchetta<\/strong> e <strong>Maddalena De Biasi<\/strong>. Le due ragazze del OrTarzo si sono guadagnate la convocazione a suon di risultati nelle competizioni nazionali, ricordiamo l&#8217;ultimo successo di Jessica e il terzo posto di Maddalena nel Campionato Italiano Sprint a Carrara. Il loro Campionato Europeo inizia con la qualifica sprint a Verona, si corre a Borgo Venezia; la gara di selezione fa passare alla finale del centro di Verona sono le prime 15 atlete in classifica. Peccato che nessuna delle italiane siano riuscite nell&#8217;impresa della qualificazione, sfiorata per soli 3 secondi da Maddalena. Nella staffetta mista di Soave Maddalena \u00e8 quarta staffettista nella squadra composta con Caterina Dellera, Francesco Mariani, Riccardo Scalet: 12\u00b0 posto per loro. Domenica mattina si corre la qualificazione per la Knock Out; peccato che nessuna delle due sia riuscita a qualificarsi per la spettacolare gara del pomeriggio in centro a Vicenza.<\/p>\n<table style=\"border-collapse: collapse; width: 100%;\" border=\"1\">\n<tbody>\n<tr>\n<td style=\"width: 50%;\"><img loading=\"lazy\" decoding=\"async\" class=\"aligncenter wp-image-13077 size-medium\" src=\"https:\/\/files.ortarzo.it\/2023\/10\/EOC2023_Jessica-300x300.jpg\" alt=\"\" width=\"300\" height=\"300\" srcset=\"https:\/\/files.ortarzo.it\/2023\/10\/EOC2023_Jessica-300x300.jpg 300w, https:\/\/files.ortarzo.it\/2023\/10\/EOC2023_Jessica-150x150.jpg 150w, https:\/\/files.ortarzo.it\/2023\/10\/EOC2023_Jessica-110x110.jpg 110w, https:\/\/files.ortarzo.it\/2023\/10\/EOC2023_Jessica.jpg 400w\" sizes=\"auto, (max-width: 300px) 100vw, 300px\" \/><\/td>\n<td style=\"width: 50%;\"><img loading=\"lazy\" decoding=\"async\" class=\"aligncenter wp-image-13076 size-medium\" src=\"https:\/\/files.ortarzo.it\/2023\/10\/EOC2023_Maddalena-300x300.jpg\" alt=\"\" width=\"300\" height=\"300\" srcset=\"https:\/\/files.ortarzo.it\/2023\/10\/EOC2023_Maddalena-300x300.jpg 300w, https:\/\/files.ortarzo.it\/2023\/10\/EOC2023_Maddalena-150x150.jpg 150w, https:\/\/files.ortarzo.it\/2023\/10\/EOC2023_Maddalena-110x110.jpg 110w, https:\/\/files.ortarzo.it\/2023\/10\/EOC2023_Maddalena.jpg 400w\" sizes=\"auto, (max-width: 300px) 100vw, 300px\" \/><\/td>\n<\/tr>\n<\/tbody>\n<\/table>\n<p><span style=\"color: #ff9900;\">JESSICA:<\/span><em>&#8220;Sono contenta di aver partecipato agli Europei perch\u00e8 era il mio obiettivo di inizio stagione; non sono al 100% soddisfatta perch\u00e8 puntavo tutto sulla gara Sprint di Verona, ma purtroppo qualche piccolo malanno non mi ha permesso di dare tutto quello che avevo. Ho cercato di riprendermi per la gara di domenica, non mi sono qualificata ma ho avuto delle buonissime sensazioni che mi danno motivazioni per l&#8217;inverno in vista del prossimo Mondiale Sprint 2024.&#8221;<br \/>\n<\/em><span style=\"color: #ff9900;\">MADDALENA:<\/span>\u00a0<em>&#8220;Per me \u00e8 stata un emozione unica correre questo Europeo in Italia perch\u00e9 si \u00e8 sentito il tifo dei molti spettatori presenti, venuti apposta per supportarci. Riguardo le gare sono molto soddisfatta dei risultati ottenuti perch\u00e9 sono stati oltre le mie aspettative.&#8221;<\/em><\/p>\n<hr \/>\n<p>Non si possono organizzare gare senza organizzatori e l&#8217;OrTarzo ha messo in campo i propri volontari nella macchina ben lubrificata comandata da Gabriele Viale. Edoardo Tona, Chiara Sanzovo, Federico Venezian, Elena Bernardi, ai quali si sono aggiunti in seguito Lorenzo De Biasi e Riccardo Spironelli.<\/p>\n<p><img loading=\"lazy\" decoding=\"async\" class=\"aligncenter size-full wp-image-13069\" src=\"https:\/\/files.ortarzo.it\/2023\/10\/EOC2023_organizzazione.jpg\" alt=\"\" width=\"600\" height=\"290\" srcset=\"https:\/\/files.ortarzo.it\/2023\/10\/EOC2023_organizzazione.jpg 600w, https:\/\/files.ortarzo.it\/2023\/10\/EOC2023_organizzazione-300x145.jpg 300w, https:\/\/files.ortarzo.it\/2023\/10\/EOC2023_organizzazione-228x110.jpg 228w\" sizes=\"auto, (max-width: 600px) 100vw, 600px\" \/><\/p>\n<p><span style=\"color: #ff9900;\">CHIARA:<\/span> &#8220;Un evento molto importante al quale ho partecipato e sono molto soddisfatta del lavoro fatto; il lavoro \u00e8 stato tantissimo ma gratificante; stare al fianco degli atleti e dei loro allenatori ti fa capire quanto queste persone si allenano e quanti sacrifici fanno per arrivare ad un certo livello. Sono gi\u00e0 arrivati ringraziamenti dalle squadre nazionali ospiti per l&#8217;ottima organizzazione ed \u00e8 la cosa che ti gratifica di pi\u00f9 e ti ripaga di tante fatiche. Rifarei senza ombra di dubbi quest&#8217;esperienza&#8221;.<\/p>\n<hr \/>\n<p>E che gare sarebbero senza pubblico, senza le urla di incitamento, senza il battere di mani a tempo, senza bandiere e trombette pronte a far casino al passaggio dei campioni dell&#8217;orienteering. Domenica abbiamo accompagnato i nostri ragazzi per sentir battere il loro cuore.<\/p>\n<p><img loading=\"lazy\" decoding=\"async\" class=\"aligncenter size-full wp-image-13090\" src=\"https:\/\/files.ortarzo.it\/2023\/10\/EOC2023_pubblico.jpg\" alt=\"\" width=\"1440\" height=\"840\" srcset=\"https:\/\/files.ortarzo.it\/2023\/10\/EOC2023_pubblico.jpg 1440w, https:\/\/files.ortarzo.it\/2023\/10\/EOC2023_pubblico-300x175.jpg 300w, https:\/\/files.ortarzo.it\/2023\/10\/EOC2023_pubblico-1024x597.jpg 1024w, https:\/\/files.ortarzo.it\/2023\/10\/EOC2023_pubblico-768x448.jpg 768w, https:\/\/files.ortarzo.it\/2023\/10\/EOC2023_pubblico-189x110.jpg 189w\" sizes=\"auto, (max-width: 1440px) 100vw, 1440px\" \/><span style=\"color: #ff9900;\">ETTO<\/span><span style=\"color: #ff9900;\">RE<\/span>: &#8220;L&#8217;emozione che abbiamo vissuto domenica a Vicenza \u00e8 di certo impareggiabile; la vista di atleti di cos\u00ec alto livello ci ha fatto battere il cuore. Mentre loro sfrecciavano tra le vie della citt\u00e0 noi eravamo l\u00ec, a guardare la linea d&#8217;arrivo con apprensione sperando di vedere i nostri idoli, non solo italiani ma anche stranieri, arrivare in testa della propria batteria. Alla fine la giornata si \u00e8 chiusa con un pieno di emozioni contrastanti, dalla grandiosa vittoria nelle donne di Tove Alexandersson alla caduta di Kasper Fosser. Ad incorniciare la giornata sono stati gli incontri con tutti gli atleti Italiani e stranieri per l&#8217;autografo sull&#8217;album delle figurine preparato per l&#8217;evento.&#8221;<\/p>\n<p>Sono gare che ti restano dentro, nel cuore, nella memoria, nell&#8217;anima e sono indelebili se la tua passione e il tuo sport ti fanno provare <span style=\"color: #ff9900;\">EMOZIONI<\/span>. Grazie Europeo che ci hai regalato tutto questo.<\/p>\n","protected":false},"excerpt":{"rendered":"<p>Occasioni da non perdere, emozioni da portare a casa come bagaglio di un avventura a cui hai partecipato come atleta, organizzatore o semplice spettatore. Questi sono stati gli &#8220;European Orienteering Championships 2023&#8220;, nella settimana dal 1\u00b0 all&#8217; 8 ottobre tra Verona, Soave e Vicenza. Non ci sono gare senza gli atleti e nel folto gruppo [&hellip;]<\/p>\n","protected":false},"author":42,"featured_media":13073,"comment_status":"closed","ping_status":"open","sticky":false,"template":"","format":"standard","meta":{"footnotes":""},"categories":[1],"tags":[],"class_list":["post-13063","post","type-post","status-publish","format-standard","has-post-thumbnail","hentry","category-articoli"],"_links":{"self":[{"href":"https:\/\/www.ortarzo.it\/en\/wp-json\/wp\/v2\/posts\/13063","targetHints":{"allow":["GET"]}}],"collection":[{"href":"https:\/\/www.ortarzo.it\/en\/wp-json\/wp\/v2\/posts"}],"about":[{"href":"https:\/\/www.ortarzo.it\/en\/wp-json\/wp\/v2\/types\/post"}],"author":[{"embeddable":true,"href":"https:\/\/www.ortarzo.it\/en\/wp-json\/wp\/v2\/users\/42"}],"replies":[{"embeddable":true,"href":"https:\/\/www.ortarzo.it\/en\/wp-json\/wp\/v2\/comments?post=13063"}],"version-history":[{"count":29,"href":"https:\/\/www.ortarzo.it\/en\/wp-json\/wp\/v2\/posts\/13063\/revisions"}],"predecessor-version":[{"id":13097,"href":"https:\/\/www.ortarzo.it\/en\/wp-json\/wp\/v2\/posts\/13063\/revisions\/13097"}],"wp:featuredmedia":[{"embeddable":true,"href":"https:\/\/www.ortarzo.it\/en\/wp-json\/wp\/v2\/media\/13073"}],"wp:attachment":[{"href":"https:\/\/www.ortarzo.it\/en\/wp-json\/wp\/v2\/media?parent=13063"}],"wp:term":[{"taxonomy":"category","embeddable":true,"href":"https:\/\/www.ortarzo.it\/en\/wp-json\/wp\/v2\/categories?post=13063"},{"taxonomy":"post_tag","embeddable":true,"href":"https:\/\/www.ortarzo.it\/en\/wp-json\/wp\/v2\/tags?post=13063"}],"curies":[{"name":"wp","href":"https:\/\/api.w.org\/{rel}","templated":true}]}}