{"id":13000,"date":"2023-09-05T21:41:37","date_gmt":"2023-09-05T19:41:37","guid":{"rendered":"https:\/\/www.ortarzo.it\/?p=13000"},"modified":"2023-09-19T22:35:11","modified_gmt":"2023-09-19T20:35:11","slug":"il-ritorno-a-corbanese-passato-e-presente-al-tour-trevigiano","status":"publish","type":"post","link":"https:\/\/www.ortarzo.it\/en\/2023\/09\/il-ritorno-a-corbanese-passato-e-presente-al-tour-trevigiano\/","title":{"rendered":"IL RITORNO A CORBANESE: PASSATO E PRESENTE AL TOUR TREVIGIANO"},"content":{"rendered":"<p>Ritorniamo a Corbanese dopo moltissimi anni, correva l&#8217;anno 1994 quando sulla carta di Corbanese-Confin l&#8217;Orienteering Tarzo, con la collaborazione del CONI Provinciale organizz\u00f2 la <a href=\"https:\/\/files.ortarzo.it\/2023\/09\/1-festa-orientamento-1994.pdf\" target=\"_blank\" rel=\"noopener\">1<sup>a<\/sup> festa Nazionale dell&#8217;Orientamento<\/a>; per i curiosi alleghiamo la locandina dell&#8217;epoca. Ritorniamo a casa di uno degli storici fondatori della societ\u00e0 e primissimo Presidente Bruno Meneguz, lontanissimo 1988 (quest&#8217;anno siamo passati Master!). Oggi l&#8217;onore e il piacere di averlo di nuovo tra di noi; senza di lui e senza l&#8217;onnipresente Luigi Pin non avremo mai fatto tutta questa strada, non avremo mai portato i nostri atleti al top e non saremo mai diventati una delle pi\u00f9 forti societ\u00e0 a livello Nazione. Che emozione vedere i Presidenti che si sono succeduti in questi anni: un immenso grazie a Bruno Meneguz (1988-2008), a Mauro Tona (2009-2014), a Roland Pin (2015-2018), a Silvano Bernardi (2019-2020) e a Edoardo Tona (2021-in carica).<\/p>\n<p><img loading=\"lazy\" decoding=\"async\" class=\"aligncenter size-full wp-image-13013\" src=\"https:\/\/files.ortarzo.it\/2023\/09\/Foto-presidenti.jpg\" alt=\"\" width=\"600\" height=\"400\" srcset=\"https:\/\/files.ortarzo.it\/2023\/09\/Foto-presidenti.jpg 600w, https:\/\/files.ortarzo.it\/2023\/09\/Foto-presidenti-300x200.jpg 300w, https:\/\/files.ortarzo.it\/2023\/09\/Foto-presidenti-165x110.jpg 165w\" sizes=\"auto, (max-width: 600px) 100vw, 600px\" \/><\/p>\n<p>Ma passiamo alla gara di domenica. Per onorare la storica carta di Corbanese e la storia della nostra societ\u00e0 \u00e8 scesa in &#8220;pista&#8221; la nostra Nazionale Jessica Lucchetta; a lei l&#8217;incarico di ricartografare il piccolo paesino lungo il Torrente Cervano e i vigneti circostanti e di disegnare i 4 percorsi, dal pi\u00f9 semplice al pi\u00f9 tosto, per la 7<sup>a<\/sup> tappa del Tour Trevigiano 2023. Paesino piccolo ma cartina e tracciati ben riusciti che hanno messo alla prova circa 250 atleti dai 6 agli 80 anni, singoli atleti e intere famiglie. Partecipanti provenienti non solo dal Veneto, ma anche dal Friuli Venezia-Giulia, Trentino Alto-Adige ed Emilia Romagna. Ottimi riscontri a fine gara, soprattutto da atleti di caratura internazionale: abbiamo avuto l&#8217;onore di avere tra gli iscritti Alessio Tenani e Viola Zagonel della Polisportiva Masi (entrambi con un recente passato nella Nazionale Elite).<\/p>\n<p>Questi i podi delle varie categorie:<\/p>\n<ul>\n<li><em>Bianco maschile<\/em><br \/>\n1. Nicolas Franceschi (A.S.D Misquilenses)<br \/>\n2. Martino Fornasiero (Mareno Orienteering)<br \/>\n3. Samuele Bombardelli (A.S.D. Fonzaso)<\/li>\n<li><em>Bianco femminile<\/em><br \/>\n1. Nicole Gretter (Panda Orienteering Valsugana)<br \/>\n2. Azzurra Tomasi (Orienteering Tarzo)<br \/>\n3. Rosa Strapazzon (A.S.D Misquilenses)<\/li>\n<\/ul>\n<p><img loading=\"lazy\" decoding=\"async\" class=\"aligncenter size-full wp-image-13020\" src=\"https:\/\/files.ortarzo.it\/2023\/09\/Podio-bianco.jpg\" alt=\"\" width=\"600\" height=\"400\" srcset=\"https:\/\/files.ortarzo.it\/2023\/09\/Podio-bianco.jpg 600w, https:\/\/files.ortarzo.it\/2023\/09\/Podio-bianco-300x200.jpg 300w, https:\/\/files.ortarzo.it\/2023\/09\/Podio-bianco-165x110.jpg 165w\" sizes=\"auto, (max-width: 600px) 100vw, 600px\" \/><\/p>\n<ul>\n<li style=\"list-style-type: none;\">\n<ul>\n<li><em>Giallo maschile<\/em><br \/>\n1. Massimo Bellotto (Mareno Orienteering)<br \/>\n2. Leonardo Squeri (Orienteering Tarzo)<br \/>\n3. Matteo Ballarin (Or. Shallows Noale)<\/li>\n<li><em>Giallo femminile<\/em><br \/>\n1. Viola Zagonel (Polisportiva Masi)<br \/>\n2. Cristina Favero (Orienteering Tarzo)<br \/>\n3. Elena Faoro (A.S.D. Fonzaso)<img loading=\"lazy\" decoding=\"async\" class=\"aligncenter size-full wp-image-13017\" src=\"https:\/\/files.ortarzo.it\/2023\/09\/Podio-giallo.jpg\" alt=\"\" width=\"600\" height=\"400\" srcset=\"https:\/\/files.ortarzo.it\/2023\/09\/Podio-giallo.jpg 600w, https:\/\/files.ortarzo.it\/2023\/09\/Podio-giallo-300x200.jpg 300w, https:\/\/files.ortarzo.it\/2023\/09\/Podio-giallo-165x110.jpg 165w\" sizes=\"auto, (max-width: 600px) 100vw, 600px\" \/><\/li>\n<li><em>Rosso maschile<\/em><br \/>\n1. Artur Wa\u017cny (WKS \u015al\u0105sk Wroc\u0142aw Poland)<br \/>\n2. Paolo Martignago (OK Montello)<br \/>\n3. Simone Marcon (Orienteering Treviso)<\/li>\n<li><em>Rosso femminile<\/em><br \/>\n1. Alice Marchesini (Orienteering Bassano 1982)<br \/>\n2. Marina Lovisotto (Friuli MTB &amp; Orienteering)<br \/>\n3. Chiara Sanzovo (Orienteering Tarzo)<\/li>\n<\/ul>\n<\/li>\n<\/ul>\n<p><img loading=\"lazy\" decoding=\"async\" class=\"aligncenter size-full wp-image-13030\" src=\"https:\/\/files.ortarzo.it\/2023\/09\/Podio-rosso.jpg\" alt=\"\" width=\"600\" height=\"400\" srcset=\"https:\/\/files.ortarzo.it\/2023\/09\/Podio-rosso.jpg 600w, https:\/\/files.ortarzo.it\/2023\/09\/Podio-rosso-300x200.jpg 300w, https:\/\/files.ortarzo.it\/2023\/09\/Podio-rosso-165x110.jpg 165w\" sizes=\"auto, (max-width: 600px) 100vw, 600px\" \/><\/p>\n<ul>\n<li style=\"list-style-type: none;\">\n<ul>\n<li><em>Nero maschile<\/em><br \/>\n1. Alessio Tenani (Polisportiva Masi)<br \/>\n2. Lorenzo De Biasi (Orienteering Tarzo)<br \/>\n3. Alessandro De Noni (Orienteering Tarzo)<\/li>\n<li><em>Nero femminile<\/em><br \/>\n1. Maddalena De Biasi (Orienteering Tarzo)<br \/>\n2. Lisa Galvan (Mareno Orienteering)<br \/>\n3. Lea Steinwandter (Haunold Or. Team)<img loading=\"lazy\" decoding=\"async\" class=\"aligncenter size-full wp-image-13018\" src=\"https:\/\/files.ortarzo.it\/2023\/09\/Podio-nero.jpg\" alt=\"\" width=\"600\" height=\"400\" srcset=\"https:\/\/files.ortarzo.it\/2023\/09\/Podio-nero.jpg 600w, https:\/\/files.ortarzo.it\/2023\/09\/Podio-nero-300x200.jpg 300w, https:\/\/files.ortarzo.it\/2023\/09\/Podio-nero-165x110.jpg 165w\" sizes=\"auto, (max-width: 600px) 100vw, 600px\" \/><\/li>\n<\/ul>\n<\/li>\n<\/ul>\n<p>&nbsp;<\/p>\n<p>Le gare del Tour Trevigiano fanno da trampolino di lancio per molti giovani o atleti alle prime esperienze; raccolgono grandi e piccini che con le loro famiglie iniziano e speriamo continuino in futuro il percorso sportivo con la nostra societ\u00e0; per i pi\u00f9 agonisti queste gare servono per tenere alta la preparazione atletica e mentale, come per Lorenzo e Maddalena che di recente hanno vestito la maglia azzurra insieme a Jessica. Oggi, trattandosi di una gara sprint, Jessica ha voluto preparare l&#8217;analisi delle scelte di percorso per alcune tratte in modo da allenare la mente anche a fine gara perch\u00e8, diciamolo, noi del Tarzo non ci facciamo scappare mai nulla!<\/p>\n<p>Mancavano molti dei nostri giovani oggi: dov&#8217;erano? Ma naturalmente impegnati in un altra gara molto lontano da Corbanese. Anna Carlet, Rachele Dal To\u00e8, Francesco Comarella, Riccardo Granzotto, Agata e Ettore Collodel e Tobia Viel sono stati convocati per il Trofeo delle Regioni, gara Nazionale che mette in competizioni i migliori giovani delle regioni Italiane. I nostri portacolori del Tarzo in questi giorni hanno difeso la maglia del Veneto a Policoro in Basilicata. I ragazzi si sono cimentati in prove di Corsa, di MTB-O e di Trail-o: esperienza molto costruttiva soprattutto per i pi\u00f9 piccoli.<\/p>\n<p><img loading=\"lazy\" decoding=\"async\" class=\"aligncenter size-full wp-image-13015\" src=\"https:\/\/files.ortarzo.it\/2023\/09\/Ragazzi-TDR.jpg\" alt=\"\" width=\"600\" height=\"400\" srcset=\"https:\/\/files.ortarzo.it\/2023\/09\/Ragazzi-TDR.jpg 600w, https:\/\/files.ortarzo.it\/2023\/09\/Ragazzi-TDR-300x200.jpg 300w, https:\/\/files.ortarzo.it\/2023\/09\/Ragazzi-TDR-165x110.jpg 165w\" sizes=\"auto, (max-width: 600px) 100vw, 600px\" \/><\/p>\n<p>In questi giorni iniziano nuovamente i <a href=\"https:\/\/www.ortarzo.it\/allenamenti\/\" target=\"_blank\" rel=\"noopener\">tre appuntamenti alla settimana<\/a> con i nostri preparatori e tecnici. Ci aspettano ancora due weekend di gare nazionali in giro per l&#8217;Italia per consolidare il terzo posto nella Classifica di Societ\u00e0 2023.<\/p>\n","protected":false},"excerpt":{"rendered":"<p>Ritorniamo a Corbanese dopo moltissimi anni, correva l&#8217;anno 1994 quando sulla carta di Corbanese-Confin l&#8217;Orienteering Tarzo, con la collaborazione del CONI Provinciale organizz\u00f2 la 1a festa Nazionale dell&#8217;Orientamento; per i curiosi alleghiamo la locandina dell&#8217;epoca. Ritorniamo a casa di uno degli storici fondatori della societ\u00e0 e primissimo Presidente Bruno Meneguz, lontanissimo 1988 (quest&#8217;anno siamo passati [&hellip;]<\/p>\n","protected":false},"author":42,"featured_media":13026,"comment_status":"closed","ping_status":"open","sticky":false,"template":"","format":"standard","meta":{"footnotes":""},"categories":[1],"tags":[],"class_list":["post-13000","post","type-post","status-publish","format-standard","has-post-thumbnail","hentry","category-articoli"],"_links":{"self":[{"href":"https:\/\/www.ortarzo.it\/en\/wp-json\/wp\/v2\/posts\/13000","targetHints":{"allow":["GET"]}}],"collection":[{"href":"https:\/\/www.ortarzo.it\/en\/wp-json\/wp\/v2\/posts"}],"about":[{"href":"https:\/\/www.ortarzo.it\/en\/wp-json\/wp\/v2\/types\/post"}],"author":[{"embeddable":true,"href":"https:\/\/www.ortarzo.it\/en\/wp-json\/wp\/v2\/users\/42"}],"replies":[{"embeddable":true,"href":"https:\/\/www.ortarzo.it\/en\/wp-json\/wp\/v2\/comments?post=13000"}],"version-history":[{"count":25,"href":"https:\/\/www.ortarzo.it\/en\/wp-json\/wp\/v2\/posts\/13000\/revisions"}],"predecessor-version":[{"id":13034,"href":"https:\/\/www.ortarzo.it\/en\/wp-json\/wp\/v2\/posts\/13000\/revisions\/13034"}],"wp:featuredmedia":[{"embeddable":true,"href":"https:\/\/www.ortarzo.it\/en\/wp-json\/wp\/v2\/media\/13026"}],"wp:attachment":[{"href":"https:\/\/www.ortarzo.it\/en\/wp-json\/wp\/v2\/media?parent=13000"}],"wp:term":[{"taxonomy":"category","embeddable":true,"href":"https:\/\/www.ortarzo.it\/en\/wp-json\/wp\/v2\/categories?post=13000"},{"taxonomy":"post_tag","embeddable":true,"href":"https:\/\/www.ortarzo.it\/en\/wp-json\/wp\/v2\/tags?post=13000"}],"curies":[{"name":"wp","href":"https:\/\/api.w.org\/{rel}","templated":true}]}}